{"id":780,"date":"2021-04-21T11:18:00","date_gmt":"2021-04-21T09:18:00","guid":{"rendered":"https:\/\/www.france-serres.com\/wordpress\/?p=780"},"modified":"2024-04-15T09:30:24","modified_gmt":"2024-04-15T07:30:24","slug":"que-semer-en-mai","status":"publish","type":"post","link":"https:\/\/www.france-serres.com\/blog\/calendrier\/que-semer-en-mai","title":{"rendered":"Que semer en mai&nbsp;?"},"content":{"rendered":"\n<p>La douceur, les longues journ\u00e9es &amp; les animaux qui pointent le bout de leur nez donnent envie aux jardiniers de sortir faire un tour dans leur potager. On les comprend parfaitement. Profitez de la douceur offerte par le mois de mai pour rester un peu plus tard dans votre jardin. Attention tout de m\u00eame \u00e0 ne pas oublier les derni\u00e8res gel\u00e9es printani\u00e8res.&nbsp;<a href=\"https:\/\/www.france-serres.com\/blog\/culture\/saints-de-glace-comment-proteger-ses-cultures-des-gelees-tardives\">Consultez notre article sur les Saints de Glace<\/a>&nbsp;pour d\u00e9couvrir les <a href=\"https:\/\/www.france-serres.com\/blog\/astuces\">astuces<\/a> qui vous permettront de prot\u00e9ger vos cultures.<\/p>\n\n\n\n<p>Ainsi, profitez de votre jardin en toute s\u00e9r\u00e9nit\u00e9.&nbsp;On vous donne quelques id\u00e9es pour travailler dans le jardin tout le mois de mai. Vous ne vous ennuierez pas&nbsp;! Il faut imp\u00e9rativement profiter de la douceur pour <a href=\"https:\/\/www.france-serres.com\/blog\/culture\/pourquoi-et-comment-aerer-une-serre\">a\u00e9rer votre serre<\/a>. De plus, c\u2019est le moment de ressortir les plantes frileuses. <a href=\"https:\/\/www.france-serres.com\/blog\/astuces\/proteger-une-serre-du-soleil\">Si le soleil tape trop fort sur votre serre<\/a>, installez des <a href=\"https:\/\/www.france-serres.com\/accessoires-pieces-detachees-pour-serres-de-jardin\/294-kit-voile-d-ombrage-pour-serre-tunnel-demi-lune.html\">voiles d\u2019ombrage<\/a>. Ils sont tr\u00e8s pratiques pour une meilleure <a href=\"https:\/\/www.france-serres.com\/blog\/astuces\/quelle-est-la-temperature-ideale-dans-une-serre\">r\u00e9gulation de la temp\u00e9rature \u00e0 l&rsquo;int\u00e9rieur de votre serre de jardin<\/a>.<\/p>\n\n\n\n<p>Il est aussi temps d\u2019augmenter la fr\u00e9quence d\u2019arrosage de vos plants. Avec cette chaleur qui s\u2019installe, elles ont soif. Nous structurerons notre article en th\u00e8mes bien d\u00e9finis. La premi\u00e8re partie de l\u2019article sera consacr\u00e9e aux l\u00e9gumes \u00e0 semer dans son potager. Nous la compl\u00e9terons avec la liste d\u2019<a href=\"https:\/\/www.france-serres.com\/blog\/culture\/cultiver-des-plantes-aromatiques-sous-serre\">herbes aromatiques \u00e0 planter<\/a>. Rien de tel pour donner vie \u00e0 chacun de vos bons plats. Ensuite, nous ferons un petit pas de c\u00f4t\u00e9 vers le verger et la plantation d&rsquo;arbres fruitiers. Nous finirons par de quoi embellir toute la maison&nbsp;: les fleurs. Belles &amp; parfum\u00e9es, elles \u00e9gaieront tous vos int\u00e9rieurs.<\/p>\n\n\n\n<h2 class=\"gb-headline gb-headline-ced1994f gb-headline-text\">Semer les l\u00e9gumes<\/h2>\n\n\n\n<h3 class=\"gb-headline gb-headline-0a73eff6 gb-headline-text\"><a href=\"https:\/\/www.france-serres.com\/blog\/culture\/culture-legumes\">L\u00e9gumes \u00e0 planter sous serre<\/a>, dans toute la France<\/h3>\n\n\n\n<p>Au mois de mai, la terre s&rsquo;est r\u00e9chauff\u00e9e. Il devient alors \u00e9vident que les l\u00e9gumes viendront se planter en pleine terre. La <a href=\"https:\/\/www.france-serres.com\/6-serres-tunnel\">serre tunnel<\/a> peut encore vous servir pour les l\u00e9gumes les plus fragiles et lors des <a href=\"https:\/\/www.france-serres.com\/blog\/culture\/saints-de-glace-comment-proteger-ses-cultures-des-gelees-tardives\">derni\u00e8res gel\u00e9es<\/a>. On rappelle qu&rsquo;au mois de Mai les derni\u00e8res gel\u00e9es ne sont pas \u00e0 oublier. En effet, les l\u00e9gumes suivants sont plus sensibles aux temp\u00e9ratures fraiches. Alors, prudence lors de la plantation de ces derniers.<\/p>\n\n\n\n<ul class=\"wp-block-list\">\n<li>Les tomates&nbsp;: la r\u00e9colte se fait 4 \u00e0 5 mois apr\u00e8s le semis. Selon les&nbsp;<a href=\"https:\/\/www.france-serres.com\/blog\/culture\/culture-de-tomates#varietes\">vari\u00e9t\u00e9s de tomates<\/a>, elles se r\u00e9coltent de juillet \u00e0 octobre.&nbsp;<\/li>\n\n\n\n<li>Les courgettes&nbsp;: se r\u00e9coltent 50 \u00e0 90 jours apr\u00e8s plantation. Cueillez-les encore petites de 15 \u00e0 20 cm. Ainsi, vous profiterez d\u2019une chair plus dense. Ne vous faites pas surprendre, la courgette peut grossir tr\u00e8s vite. Attention \u00e0 \u00eatre bien r\u00e9actif pour la r\u00e9colte.<\/li>\n\n\n\n<li>Les potirons&nbsp;: se r\u00e9coltent \u00e0 la fin de l\u2019\u00e9t\u00e9 jusqu\u2019au mois de d\u00e9cembre.<\/li>\n\n\n\n<li>Les <a href=\"https:\/\/www.france-serres.com\/blog\/culture\/culture-du-concombre-en-serre\">concombres<\/a>&nbsp;: la r\u00e9colte se fait entre juin et octobre. Ce qui laisse beaucoup de mois pour en d\u00e9guster.&nbsp;<\/li>\n\n\n\n<li>Les aubergines&nbsp;: se r\u00e9coltent entre l\u2019\u00e9t\u00e9 et l\u2019automne environ 5 mois apr\u00e8s le semis. La r\u00e9colte varie selon les r\u00e9gions de France.<\/li>\n\n\n\n<li>Le&nbsp;<a href=\"https:\/\/www.france-serres.com\/blog\/culture\/culture-du-melon\">melon<\/a>&nbsp;: ce l\u00e9gume n\u2019est pas r\u00e9serv\u00e9 qu\u2019aux sudistes. Vous pourrez le r\u00e9colter d\u2019ao\u00fbt \u00e0 septembre.&nbsp;<\/li>\n\n\n\n<li>Les courges&nbsp;: la r\u00e9colte se fera de juillet \u00e0 octobre suivant les vari\u00e9t\u00e9s.<\/li>\n<\/ul>\n\n\n\n<h3 class=\"gb-headline gb-headline-9dc779e8 gb-headline-text\">L\u00e9gumes \u00e0 planter en pleine terre<\/h3>\n\n\n\n<p>Les beaux jours sont l\u00e0, il y a donc plus de l\u00e9gumes que les mois pr\u00e9c\u00e9dents \u00e0 planter en pleine terre. Il va falloir vous lib\u00e9rer un peu de temps pour vous occuper de tout votre potager. Ainsi, vous pourrez les r\u00e9colter et cuisiner&nbsp;avec des l\u00e9gumes tr\u00e8s frais.<\/p>\n\n\n\n<p>Voici les l\u00e9gumes \u00e0 planter en pleine terre&nbsp;:<\/p>\n\n\n\n<ul class=\"wp-block-list\">\n<li>Les <a href=\"https:\/\/www.france-serres.com\/blog\/culture\/piment-poivron\">piments &amp; poivrons<\/a>&nbsp;: se r\u00e9coltent \u00e0 partir de la fin de l\u2019\u00e9t\u00e9 jusqu\u2019\u00e0 l\u2019automne.<\/li>\n\n\n\n<li>Les artichauts&nbsp;: commencent \u00e0 se r\u00e9colter \u00e0 partir du mois de mai jusqu\u2019en ao\u00fbt.<\/li>\n\n\n\n<li>Les choux-fleurs&nbsp;: peuvent se r\u00e9colter toute l\u2019ann\u00e9e. Cela d\u00e9pend seulement des vari\u00e9t\u00e9s. Il faudra attendre 16 semaines en moyenne apr\u00e8s le semis pour les vari\u00e9t\u00e9s d\u2019\u00e9t\u00e9.<\/li>\n\n\n\n<li>Les scaroles&nbsp;: sont \u00e0 r\u00e9colter tout au long de l\u2019\u00e9t\u00e9.<\/li>\n\n\n\n<li>Les navets&nbsp;: se r\u00e9coltent du printemps jusqu\u2019\u00e0 la mi-octobre.<\/li>\n\n\n\n<li>Les radis&nbsp;: se r\u00e9coltent 3 \u00e0 4 semaines apr\u00e8s le semis. Ils sont \u00e0 d\u00e9guster de mars \u00e0 septembre.<\/li>\n\n\n\n<li>Les panais&nbsp;: il faudra attendre un peu avant d\u2019en profiter car ils ne seront \u00e0 r\u00e9colter qu\u2019au mois d\u2019octobre.<\/li>\n\n\n\n<li>Les carottes&nbsp;: se r\u00e9coltent de juillet \u00e0 septembre.<\/li>\n\n\n\n<li>Les pommes de terre&nbsp;: la r\u00e9colte commence d\u00e8s juillet et dure jusqu\u2019en septembre pour les plus tardives.<\/li>\n\n\n\n<li>Les \u00e9chalotes&nbsp;: se r\u00e9coltent entre juillet et aout.&nbsp;<\/li>\n\n\n\n<li>Les petits pois&nbsp;: se r\u00e9coltent entre le mois de juin et d\u2019ao\u00fbt.<\/li>\n\n\n\n<li>Les haricots verts&nbsp;: la r\u00e9colte se fera du mois de juin jusqu\u2019au mois d\u2019octobre<\/li>\n\n\n\n<li>Le ma\u00efs&nbsp;: la r\u00e9colte d\u00e9marre \u00e0 la fin du mois de juillet.<\/li>\n<\/ul>\n\n\n\n<figure class=\"wp-block-image size-full\"><img loading=\"lazy\" decoding=\"async\" width=\"700\" height=\"500\" src=\"https:\/\/www.france-serres.com\/blog\/wp-content\/uploads\/jardiner-mai.webp\" alt=\"jardiner au mois de mai\" class=\"wp-image-784\" srcset=\"https:\/\/www.france-serres.com\/blog\/wp-content\/uploads\/jardiner-mai.webp 700w, https:\/\/www.france-serres.com\/blog\/wp-content\/uploads\/jardiner-mai-300x214.webp 300w\" sizes=\"auto, (max-width: 420px) 300px, (min-width: 421px) 768px, (min-width: 725px) 1024px\" \/><\/figure>\n\n\n\n<h2 class=\"gb-headline gb-headline-19bf5479 gb-headline-text\">Les herbes aromatiques<\/h2>\n\n\n\n<p>D\u00e9licieuses aussi bien cuisin\u00e9es que crues, les herbes aromatiques rehaussent le go\u00fbt de tous vos plats. Le mois de mai, plus doux, sera propice \u00e0 la plantation d\u2019herbes aromatiques. Une tr\u00e8s bonne nouvelle pour le chef cuisinier de la maison.<\/p>\n\n\n\n<p>Toute l\u2019ann\u00e9e, vous pouvez aussi avoir un petit coin d\u2019herbes aromatiques dans votre cuisine. Rien de tel que de cuisiner en se servant directement des pots d\u2019herbes aromatiques de votre cuisine. Les plus populaires dans les cuisines sont le basilic, le persil &amp; le thym. Cependant, d\u2019autres herbes aromatiques sont d\u00e9licieuses et un peu moins connues. Elles surprendront tous vos convives&nbsp;!<\/p>\n\n\n\n<p>On vous conseille sur celles \u00e0 planter au mois de mai&nbsp;:<\/p>\n\n\n\n<ul class=\"wp-block-list\">\n<li>Menthe<\/li>\n\n\n\n<li>Ciboulette<\/li>\n\n\n\n<li>Pimprenelle<\/li>\n\n\n\n<li>Oseille<\/li>\n\n\n\n<li>Sauge<\/li>\n\n\n\n<li>Estragon<\/li>\n\n\n\n<li>Cerfeuil<\/li>\n\n\n\n<li>Aneth<\/li>\n\n\n\n<li>Origan<\/li>\n\n\n\n<li>Romarin<\/li>\n<\/ul>\n\n\n\n<p><em><strong>Bon \u00e0 savoir<\/strong>&nbsp;<\/em>: vous pouvez aussi bouturer vos plantes aromatiques. Ainsi, vous obtiendrez encore plus de r\u00e9coltes.<\/p>\n\n\n<div class=\"gb-container gb-container-774b80e1 warning\"><div class=\"gb-inside-container\">\n\n<h3 class=\"gb-headline gb-headline-1c4a425c gb-headline-text\">Lire aussi<\/h3>\n\n\n\n<div class=\"wp-block-query is-layout-flow wp-block-query-is-layout-flow\"><ul class=\"wp-block-post-template is-layout-flow wp-block-post-template-is-layout-flow\"><li class=\"wp-block-post post-1034 post type-post status-publish format-standard has-post-thumbnail hentry category-culture tag-59 generate-columns tablet-grid-50 mobile-grid-100 grid-parent grid-33 no-featured-image-padding\">\n<div class=\"gb-grid-wrapper gb-grid-wrapper-d530089b latest-posts-sidebar other_post_img\">\n<div class=\"gb-grid-column gb-grid-column-c73ebbc7\"><div class=\"gb-container gb-container-c73ebbc7 col01\"><div class=\"gb-inside-container\">\n<figure style=\"width:100px;height:100px;\" class=\"wp-block-post-featured-image\"><a href=\"https:\/\/www.france-serres.com\/blog\/culture\/cultiver-des-plantes-aromatiques-sous-serre\" target=\"_self\"  style=\"height:100px\"><img loading=\"lazy\" decoding=\"async\" width=\"150\" height=\"150\" src=\"https:\/\/www.france-serres.com\/blog\/wp-content\/uploads\/culture-herbes-aromatiques-serre-jardin-150x150.webp\" class=\"attachment-thumbnail size-thumbnail wp-post-image\" alt=\"Cultiver des plantes aromatiques sous serre\" style=\"height:100px;object-fit:contain;\" \/><\/a><\/figure>\n<\/div><\/div><\/div>\n\n<div class=\"gb-grid-column gb-grid-column-62bdc339\"><div class=\"gb-container gb-container-62bdc339\"><div class=\"gb-inside-container\">\n<h6 style=\"font-size:17px;font-style:normal;font-weight:600;\" class=\"wp-block-post-title\"><a href=\"https:\/\/www.france-serres.com\/blog\/culture\/cultiver-des-plantes-aromatiques-sous-serre\" target=\"_self\" >Cultiver des plantes aromatiques sous serre<\/a><\/h6>\n<\/div><\/div><\/div>\n<\/div>\n<\/li><\/ul><\/div>\n\n<\/div><\/div>\n\n\n<h2 class=\"gb-headline gb-headline-fb9b019c gb-headline-text\">Le verger<\/h2>\n\n\n\n<p>Au verger, le mois de mai est le dernier mois avant octobre pour planter les arbres fruitiers. D\u2019autres travaux au verger sont \u00e0 anticiper. Par exemple, vous pouvez prot\u00e9ger les fruits des oiseaux avec des filets, guider les nouvelles pousses sur un support, tailler les oliviers, pulv\u00e9riser de la bouillie bordelaise, \u00e9claircir les fruits\u2026 Et d\u00e9guster les premi\u00e8res fraises.&nbsp;<\/p>\n\n\n\n<p>Pour la plantation des arbres fruitiers, voici ceux que nous conseillons&nbsp;:<\/p>\n\n\n\n<ul class=\"wp-block-list\">\n<li>Le figuier&nbsp;: attendez qu\u2019il n\u2019y ait plus de gel\u00e9es pour le planter. D\u00e9gustez ses fruits en juin et en septembre. Vous devrez attendre 2 ans apr\u00e8s plantation pour obtenir des figues.<\/li>\n\n\n\n<li>Le bergamotier&nbsp;: avec le bergamotier, la patience est de mise. Il faudra attendre environ 7 ans pour profiter de ses bons fruits&nbsp;! Ils se r\u00e9coltent entre novembre et janvier.<\/li>\n\n\n\n<li>L\u2019olivier&nbsp;: en pleine terre, il se plante jusqu\u2019\u00e0 juin. Chanceux sont ceux qui r\u00e9colteront des olives&nbsp;! Apr\u00e8s 7 ans, il donnera des olives \u00e0 partir de juin.<\/li>\n\n\n\n<li>Le citronnier&nbsp;: plantez-le lorsqu\u2019il n\u2019y a plus aucun risque de gel\u00e9e. Il faudra attendre un an pour manger les citrons, de mars \u00e0 juillet.<\/li>\n\n\n\n<li>L\u2019oranger&nbsp;: il faudra attendre un an avant de pouvoir manger les fruits. La r\u00e9colte d\u00e9marre en automne et s\u2019\u00e9tend sur 6 mois environ.<\/li>\n<\/ul>\n\n\n\n<figure class=\"wp-block-image size-full\"><img loading=\"lazy\" decoding=\"async\" width=\"700\" height=\"500\" src=\"https:\/\/www.france-serres.com\/blog\/wp-content\/uploads\/semis-fleurs-mai.webp\" alt=\"semis fleurs mai\" class=\"wp-image-781\" srcset=\"https:\/\/www.france-serres.com\/blog\/wp-content\/uploads\/semis-fleurs-mai.webp 700w, https:\/\/www.france-serres.com\/blog\/wp-content\/uploads\/semis-fleurs-mai-300x214.webp 300w\" sizes=\"auto, (max-width: 420px) 300px, (min-width: 421px) 768px, (min-width: 725px) 1024px\" \/><\/figure>\n\n\n\n<h2 class=\"gb-headline gb-headline-35b1be6f gb-headline-text\">Les fleurs<\/h2>\n\n\n\n<p>Les fleurs, \u00e7a colore et embellit un jardin. Mises en lumi\u00e8re sous le soleil, elles donnent vie \u00e0 tous vos ext\u00e9rieurs. Elles servent aussi de d\u00e9cor \u00e0 nos maisons. Fra\u00eechement coup\u00e9es, elles apportent une odeur agr\u00e9able \u00e0 votre int\u00e9rieur.&nbsp;<\/p>\n\n\n\n<p>Les fleurs sont de grandes alli\u00e9es pour le potager. Elles cr\u00e9ent automatiquement de la biodiversit\u00e9. Elles diversifient les v\u00e9g\u00e9taux d\u2019une mani\u00e8re plus g\u00e9n\u00e9rale. Les fleurs sont aussi la possibilit\u00e9 d\u2019attirer de nouveaux insectes et de repousser certains nuisibles. Elles auront donc aussi bien leur place dans notre maison qu\u2019au potager.&nbsp;<\/p>\n\n\n\n<p>En mai, voici ce que vous pouvez planter&nbsp;:<\/p>\n\n\n\n<ul class=\"wp-block-list\">\n<li>L\u2019agapanthe<\/li>\n\n\n\n<li>Le b\u00e9gonia vivace<\/li>\n\n\n\n<li>La capucine<\/li>\n\n\n\n<li>Le gla\u00efeul&nbsp;<\/li>\n\n\n\n<li>L\u2019impatiens<\/li>\n\n\n\n<li>L\u2019iris<\/li>\n\n\n\n<li>La jacinthe<\/li>\n\n\n\n<li>Le lilas<\/li>\n\n\n\n<li>Le lotus<\/li>\n\n\n\n<li>Le p\u00e9tunia<\/li>\n\n\n\n<li>La renoncule<\/li>\n\n\n\n<li>Le tournesol<\/li>\n<\/ul>\n\n\n\n<p><em><strong>Bon \u00e0 savoir<\/strong>&nbsp;<\/em>: Les tournesols sont \u00e0 abriter des vents violents. De plus, installez-les au nord d\u2019un massif pour qu\u2019ils ne fassent pas d\u2019ombres aux autres plants.<\/p>\n\n\n<div class=\"gb-container gb-container-171b0325 warning\"><div class=\"gb-inside-container\">\n\n<h3 class=\"gb-headline gb-headline-ec92bc95 gb-headline-text\">Lire aussi<\/h3>\n\n\n\n<div class=\"wp-block-query is-layout-flow wp-block-query-is-layout-flow\"><ul class=\"wp-block-post-template is-layout-flow wp-block-post-template-is-layout-flow\"><li class=\"wp-block-post post-1765 post type-post status-publish format-standard has-post-thumbnail hentry category-culture tag-95 generate-columns tablet-grid-50 mobile-grid-100 grid-parent grid-33 no-featured-image-padding\">\n<div class=\"gb-grid-wrapper gb-grid-wrapper-fbe9f979 latest-posts-sidebar other_post_img\">\n<div class=\"gb-grid-column gb-grid-column-a8112d42\"><div class=\"gb-container gb-container-a8112d42 col01\"><div class=\"gb-inside-container\">\n<figure style=\"width:100px;height:100px;\" class=\"wp-block-post-featured-image\"><a href=\"https:\/\/www.france-serres.com\/blog\/culture\/plantes-ornement-sous-serre\" target=\"_self\"  style=\"height:100px\"><img loading=\"lazy\" decoding=\"async\" width=\"150\" height=\"150\" src=\"https:\/\/www.france-serres.com\/blog\/wp-content\/uploads\/plante-ornement-sous-serre-150x150.webp\" class=\"attachment-thumbnail size-thumbnail wp-post-image\" alt=\"Les plantes d&rsquo;ornement sous serre\" style=\"height:100px;object-fit:contain;\" \/><\/a><\/figure>\n<\/div><\/div><\/div>\n\n<div class=\"gb-grid-column gb-grid-column-7a3bb701\"><div class=\"gb-container gb-container-7a3bb701\"><div class=\"gb-inside-container\">\n<h6 style=\"font-size:17px;font-style:normal;font-weight:600;\" class=\"wp-block-post-title\"><a href=\"https:\/\/www.france-serres.com\/blog\/culture\/plantes-ornement-sous-serre\" target=\"_self\" >Les plantes d&rsquo;ornement sous serre<\/a><\/h6>\n<\/div><\/div><\/div>\n<\/div>\n<\/li><\/ul><\/div>\n\n<\/div><\/div>\n\n\n<h2 class=\"gb-headline gb-headline-40f867fe gb-headline-text\">Les maladies des plantes en mai<\/h2>\n\n\n\n<p>Au mois de mai, les beaux jours am\u00e8nent avec eux quelques maladies au potager. Attention \u00e0 redoubler de vigilance dans votre jardin. Nous vous donnons \u00e9galement quelques conseils pour \u00e9viter que votre potager ne soit d\u00e9vast\u00e9.<\/p>\n\n\n\n<ul class=\"wp-block-list\">\n<li>La pourriture grise fait son apparition. Les <a href=\"https:\/\/www.france-serres.com\/blog\/culture\/culture-de-fraises\">fraisiers<\/a> sont les premiers inquiets. Afin de l\u2019\u00e9viter,&nbsp;<strong><a href=\"https:\/\/www.france-serres.com\/blog\/culture\/le-paillage\" target=\"_blank\" rel=\"noreferrer noopener\">placez du paillage<\/a><\/strong>&nbsp;au pied de vos plants.&nbsp;<\/li>\n\n\n\n<li>Les pucerons sont de sortie. Utilisez la&nbsp;<strong><a href=\"https:\/\/www.france-serres.com\/blog\/culture\/tout-connaitre-sur-le-purin-dortie\" target=\"_blank\" rel=\"noreferrer noopener\">recette du purin d\u2019ortie<\/a><\/strong>&nbsp;d\u00e9crite dans notre article d\u00e9di\u00e9 pour <a href=\"https:\/\/www.france-serres.com\/blog\/astuces\/lutter-contre-les-pucerons-culture-sous-serre-et-ravageurs\">\u00e9loigner les pucerons<\/a>. Ainsi, n\u2019ayez plus peur qu\u2019ils d\u00e9truisent tout.<\/li>\n\n\n\n<li>Les <a href=\"https:\/\/www.france-serres.com\/blog\/astuces\/astuces-naturelles-contre-limaces-escargots\">limaces &amp; escargots<\/a> arrivent lentement mais surement pour s\u2019offrir un repas. Le paillage en chanvre plac\u00e9 au pied de vos plants permettra de lutter contre l\u2019arriv\u00e9e de ses ravageurs.<\/li>\n\n\n\n<li>Les altises&nbsp;: pas de rem\u00e8de miracle mais la surveillance est de mise. Lisez notre article&nbsp;<a href=\"https:\/\/www.france-serres.com\/blog\/astuces\/lutter-contre-les-altises-au-potager\">\u00ab\u00a0Lutter contre les altises au potager\u00a0\u00bb<\/a>.<\/li>\n<\/ul>\n\n\n\n<figure class=\"wp-block-image size-full\"><img loading=\"lazy\" decoding=\"async\" width=\"700\" height=\"500\" src=\"https:\/\/www.france-serres.com\/blog\/wp-content\/uploads\/semis-famille-mai.webp\" alt=\"semis en famille mai\" class=\"wp-image-782\" srcset=\"https:\/\/www.france-serres.com\/blog\/wp-content\/uploads\/semis-famille-mai.webp 700w, https:\/\/www.france-serres.com\/blog\/wp-content\/uploads\/semis-famille-mai-300x214.webp 300w\" sizes=\"auto, (max-width: 420px) 300px, (min-width: 421px) 768px, (min-width: 725px) 1024px\" \/><\/figure>\n\n\n<div class=\"gb-container gb-container-1e0af801 conclusion\"><div class=\"gb-inside-container\">\n\n<h2 class=\"gb-headline gb-headline-f933607b gb-headline-text\">Conclusion<\/h2>\n\n\n\n<p>Le mois de mai est plein de belles promesses. En plus des travaux de jardinage, il y a beaucoup de l\u00e9gumes, fruits &amp; herbes aromatiques \u00e0 planter. Il reste encore quelques arbres fruitiers \u00e0 mettre en place dans le jardin. Vous aurez de quoi vous occuper pendant le mois de mai. En plus, c\u2019est le moment d\u2019installer les \u00e9pouvantails dans le potager. Un \u00e9pouvantail que vous pouvez personnaliser avec toute la famille. Ainsi, vous vous amuserez et les oiseaux ne viendront pas manger vos l\u00e9gumes. Partagez-nous en commentaire ce que vous avez pr\u00e9vu de faire dans votre jardin pendant ce beau mois de mai.<\/p>\n\n<\/div><\/div>","protected":false},"excerpt":{"rendered":"<p>En mai, fais ce qu\u2019il te pla\u00eet ! Comme dit l\u2019adage, au mois de mai, il est plus facile de &#8230; <a title=\"Que semer en mai&nbsp;?\" class=\"read-more\" href=\"https:\/\/www.france-serres.com\/blog\/calendrier\/que-semer-en-mai\" aria-label=\"Read more about Que semer en mai&nbsp;?\">Lire plus<\/a><\/p>\n","protected":false},"author":1,"featured_media":783,"comment_status":"open","ping_status":"open","sticky":false,"template":"","format":"standard","meta":{"_themeisle_gutenberg_block_has_review":false,"footnotes":""},"categories":[8],"tags":[34],"class_list":["post-780","post","type-post","status-publish","format-standard","has-post-thumbnail","hentry","category-calendrier","tag-34","generate-columns","tablet-grid-50","mobile-grid-100","grid-parent","grid-33","no-featured-image-padding"],"yoast_head":"<!-- This site is optimized with the Yoast SEO plugin v26.8 - https:\/\/yoast.com\/product\/yoast-seo-wordpress\/ -->\n<title>Que semer en mai ? - France Serres<\/title>\n<meta name=\"description\" content=\"En mai, fais ce qu\u2019il te pla\u00eet ! Comme dit l\u2019adage, au mois de mai, il est plus facile de sortir sans craindre d\u2019attraper un coup de froid. Le doux printemps est bien l\u00e0, le jardinier va pouvoir faire facilement ses travaux du jardinage.\" \/>\n<meta name=\"robots\" content=\"index, follow, max-snippet:-1, max-image-preview:large, max-video-preview:-1\" \/>\n<link rel=\"canonical\" href=\"https:\/\/www.france-serres.com\/blog\/calendrier\/que-semer-en-mai\" \/>\n<meta property=\"og:locale\" content=\"fr_FR\" \/>\n<meta property=\"og:type\" content=\"article\" \/>\n<meta property=\"og:title\" content=\"Que semer en mai ? - France Serres\" \/>\n<meta property=\"og:description\" content=\"En mai, fais ce qu\u2019il te pla\u00eet ! Comme dit l\u2019adage, au mois de mai, il est plus facile de sortir sans craindre d\u2019attraper un coup de froid. Le doux printemps est bien l\u00e0, le jardinier va pouvoir faire facilement ses travaux du jardinage.\" \/>\n<meta property=\"og:url\" content=\"https:\/\/www.france-serres.com\/blog\/calendrier\/que-semer-en-mai\" \/>\n<meta property=\"og:site_name\" content=\"France Serres\" \/>\n<meta property=\"article:publisher\" content=\"https:\/\/www.facebook.com\/FrSerres\/\" \/>\n<meta property=\"article:author\" content=\"https:\/\/www.facebook.com\/FrSerres\/\" \/>\n<meta property=\"article:published_time\" content=\"2021-04-21T09:18:00+00:00\" \/>\n<meta property=\"article:modified_time\" content=\"2024-04-15T07:30:24+00:00\" \/>\n<meta property=\"og:image\" content=\"https:\/\/www.france-serres.com\/blog\/wp-content\/uploads\/que-semer-en-mai.webp\" \/>\n\t<meta property=\"og:image:width\" content=\"1200\" \/>\n\t<meta property=\"og:image:height\" content=\"800\" \/>\n\t<meta property=\"og:image:type\" content=\"image\/webp\" \/>\n<meta name=\"author\" content=\"Pierre de France Serres\" \/>\n<script type=\"application\/ld+json\" class=\"yoast-schema-graph\">{\"@context\":\"https:\/\/schema.org\",\"@graph\":[{\"@type\":\"Article\",\"@id\":\"https:\/\/www.france-serres.com\/blog\/calendrier\/que-semer-en-mai#article\",\"isPartOf\":{\"@id\":\"https:\/\/www.france-serres.com\/blog\/calendrier\/que-semer-en-mai\"},\"author\":{\"name\":\"Pierre de France Serres\",\"@id\":\"https:\/\/www.france-serres.com\/blog\/#\/schema\/person\/e5546dc0a963c73e36b18bb3ed73f48c\"},\"headline\":\"Que semer en mai&nbsp;?\",\"datePublished\":\"2021-04-21T09:18:00+00:00\",\"dateModified\":\"2024-04-15T07:30:24+00:00\",\"mainEntityOfPage\":{\"@id\":\"https:\/\/www.france-serres.com\/blog\/calendrier\/que-semer-en-mai\"},\"wordCount\":1669,\"commentCount\":0,\"publisher\":{\"@id\":\"https:\/\/www.france-serres.com\/blog\/#organization\"},\"image\":{\"@id\":\"https:\/\/www.france-serres.com\/blog\/calendrier\/que-semer-en-mai#primaryimage\"},\"thumbnailUrl\":\"https:\/\/www.france-serres.com\/blog\/wp-content\/uploads\/que-semer-en-mai.webp\",\"keywords\":[\"23\"],\"articleSection\":[\"Calendrier\"],\"inLanguage\":\"fr-FR\",\"potentialAction\":[{\"@type\":\"CommentAction\",\"name\":\"Comment\",\"target\":[\"https:\/\/www.france-serres.com\/blog\/calendrier\/que-semer-en-mai#respond\"]}]},{\"@type\":\"WebPage\",\"@id\":\"https:\/\/www.france-serres.com\/blog\/calendrier\/que-semer-en-mai\",\"url\":\"https:\/\/www.france-serres.com\/blog\/calendrier\/que-semer-en-mai\",\"name\":\"Que semer en mai ? - France Serres\",\"isPartOf\":{\"@id\":\"https:\/\/www.france-serres.com\/blog\/#website\"},\"primaryImageOfPage\":{\"@id\":\"https:\/\/www.france-serres.com\/blog\/calendrier\/que-semer-en-mai#primaryimage\"},\"image\":{\"@id\":\"https:\/\/www.france-serres.com\/blog\/calendrier\/que-semer-en-mai#primaryimage\"},\"thumbnailUrl\":\"https:\/\/www.france-serres.com\/blog\/wp-content\/uploads\/que-semer-en-mai.webp\",\"datePublished\":\"2021-04-21T09:18:00+00:00\",\"dateModified\":\"2024-04-15T07:30:24+00:00\",\"description\":\"En mai, fais ce qu\u2019il te pla\u00eet ! Comme dit l\u2019adage, au mois de mai, il est plus facile de sortir sans craindre d\u2019attraper un coup de froid. Le doux printemps est bien l\u00e0, le jardinier va pouvoir faire facilement ses travaux du jardinage.\",\"breadcrumb\":{\"@id\":\"https:\/\/www.france-serres.com\/blog\/calendrier\/que-semer-en-mai#breadcrumb\"},\"inLanguage\":\"fr-FR\",\"potentialAction\":[{\"@type\":\"ReadAction\",\"target\":[\"https:\/\/www.france-serres.com\/blog\/calendrier\/que-semer-en-mai\"]}]},{\"@type\":\"ImageObject\",\"inLanguage\":\"fr-FR\",\"@id\":\"https:\/\/www.france-serres.com\/blog\/calendrier\/que-semer-en-mai#primaryimage\",\"url\":\"https:\/\/www.france-serres.com\/blog\/wp-content\/uploads\/que-semer-en-mai.webp\",\"contentUrl\":\"https:\/\/www.france-serres.com\/blog\/wp-content\/uploads\/que-semer-en-mai.webp\",\"width\":1200,\"height\":800,\"caption\":\"que semer en mai ?\"},{\"@type\":\"BreadcrumbList\",\"@id\":\"https:\/\/www.france-serres.com\/blog\/calendrier\/que-semer-en-mai#breadcrumb\",\"itemListElement\":[{\"@type\":\"ListItem\",\"position\":1,\"name\":\"Conseils\",\"item\":\"https:\/\/www.france-serres.com\/blog\"},{\"@type\":\"ListItem\",\"position\":2,\"name\":\"Calendrier\",\"item\":\"https:\/\/www.france-serres.com\/blog\/calendrier\"},{\"@type\":\"ListItem\",\"position\":3,\"name\":\"Que semer en mai&nbsp;?\"}]},{\"@type\":\"WebSite\",\"@id\":\"https:\/\/www.france-serres.com\/blog\/#website\",\"url\":\"https:\/\/www.france-serres.com\/blog\/\",\"name\":\"France Serres\",\"description\":\"\",\"publisher\":{\"@id\":\"https:\/\/www.france-serres.com\/blog\/#organization\"},\"potentialAction\":[{\"@type\":\"SearchAction\",\"target\":{\"@type\":\"EntryPoint\",\"urlTemplate\":\"https:\/\/www.france-serres.com\/blog\/?s={search_term_string}\"},\"query-input\":{\"@type\":\"PropertyValueSpecification\",\"valueRequired\":true,\"valueName\":\"search_term_string\"}}],\"inLanguage\":\"fr-FR\"},{\"@type\":\"Organization\",\"@id\":\"https:\/\/www.france-serres.com\/blog\/#organization\",\"name\":\"France Serres\",\"url\":\"https:\/\/www.france-serres.com\/blog\/\",\"logo\":{\"@type\":\"ImageObject\",\"inLanguage\":\"fr-FR\",\"@id\":\"https:\/\/www.france-serres.com\/blog\/#\/schema\/logo\/image\/\",\"url\":\"https:\/\/www.france-serres.com\/blog\/wp-content\/uploads\/logo-min.svg\",\"contentUrl\":\"https:\/\/www.france-serres.com\/blog\/wp-content\/uploads\/logo-min.svg\",\"width\":1887,\"height\":780,\"caption\":\"France Serres\"},\"image\":{\"@id\":\"https:\/\/www.france-serres.com\/blog\/#\/schema\/logo\/image\/\"},\"sameAs\":[\"https:\/\/www.facebook.com\/FrSerres\/\",\"https:\/\/www.instagram.com\/insta_france_serres\/\",\"https:\/\/www.pinterest.fr\/FranceSerres\/\",\"https:\/\/www.youtube.com\/@france-serres\",\"https:\/\/www.linkedin.com\/company\/france-serres-france-diffusion\"]},{\"@type\":\"Person\",\"@id\":\"https:\/\/www.france-serres.com\/blog\/#\/schema\/person\/e5546dc0a963c73e36b18bb3ed73f48c\",\"name\":\"Pierre de France Serres\",\"image\":{\"@type\":\"ImageObject\",\"inLanguage\":\"fr-FR\",\"@id\":\"https:\/\/www.france-serres.com\/blog\/#\/schema\/person\/image\/\",\"url\":\"https:\/\/www.france-serres.com\/blog\/wp-content\/uploads\/auteur-pierre-96x96.webp\",\"contentUrl\":\"https:\/\/www.france-serres.com\/blog\/wp-content\/uploads\/auteur-pierre-96x96.webp\",\"caption\":\"Pierre de France Serres\"},\"description\":\"Passionn\u00e9 de jardinage (sous serre mais pas que), je suis r\u00e9dacteur pour le site France Serres depuis bient\u00f4t 10 ans. J'aime apprendre aupr\u00e8s d'autres jardiniers et donner quelques conseils au travers de mes articles.\",\"sameAs\":[\"https:\/\/www.france-serres.com\/wordpress\",\"https:\/\/www.facebook.com\/FrSerres\/\"]}]}<\/script>\n<!-- \/ Yoast SEO plugin. -->","yoast_head_json":{"title":"Que semer en mai ? - France Serres","description":"En mai, fais ce qu\u2019il te pla\u00eet ! Comme dit l\u2019adage, au mois de mai, il est plus facile de sortir sans craindre d\u2019attraper un coup de froid. Le doux printemps est bien l\u00e0, le jardinier va pouvoir faire facilement ses travaux du jardinage.","robots":{"index":"index","follow":"follow","max-snippet":"max-snippet:-1","max-image-preview":"max-image-preview:large","max-video-preview":"max-video-preview:-1"},"canonical":"https:\/\/www.france-serres.com\/blog\/calendrier\/que-semer-en-mai","og_locale":"fr_FR","og_type":"article","og_title":"Que semer en mai ? - France Serres","og_description":"En mai, fais ce qu\u2019il te pla\u00eet ! Comme dit l\u2019adage, au mois de mai, il est plus facile de sortir sans craindre d\u2019attraper un coup de froid. Le doux printemps est bien l\u00e0, le jardinier va pouvoir faire facilement ses travaux du jardinage.","og_url":"https:\/\/www.france-serres.com\/blog\/calendrier\/que-semer-en-mai","og_site_name":"France Serres","article_publisher":"https:\/\/www.facebook.com\/FrSerres\/","article_author":"https:\/\/www.facebook.com\/FrSerres\/","article_published_time":"2021-04-21T09:18:00+00:00","article_modified_time":"2024-04-15T07:30:24+00:00","og_image":[{"width":1200,"height":800,"url":"https:\/\/www.france-serres.com\/blog\/wp-content\/uploads\/que-semer-en-mai.webp","type":"image\/webp"}],"author":"Pierre de France Serres","schema":{"@context":"https:\/\/schema.org","@graph":[{"@type":"Article","@id":"https:\/\/www.france-serres.com\/blog\/calendrier\/que-semer-en-mai#article","isPartOf":{"@id":"https:\/\/www.france-serres.com\/blog\/calendrier\/que-semer-en-mai"},"author":{"name":"Pierre de France Serres","@id":"https:\/\/www.france-serres.com\/blog\/#\/schema\/person\/e5546dc0a963c73e36b18bb3ed73f48c"},"headline":"Que semer en mai&nbsp;?","datePublished":"2021-04-21T09:18:00+00:00","dateModified":"2024-04-15T07:30:24+00:00","mainEntityOfPage":{"@id":"https:\/\/www.france-serres.com\/blog\/calendrier\/que-semer-en-mai"},"wordCount":1669,"commentCount":0,"publisher":{"@id":"https:\/\/www.france-serres.com\/blog\/#organization"},"image":{"@id":"https:\/\/www.france-serres.com\/blog\/calendrier\/que-semer-en-mai#primaryimage"},"thumbnailUrl":"https:\/\/www.france-serres.com\/blog\/wp-content\/uploads\/que-semer-en-mai.webp","keywords":["23"],"articleSection":["Calendrier"],"inLanguage":"fr-FR","potentialAction":[{"@type":"CommentAction","name":"Comment","target":["https:\/\/www.france-serres.com\/blog\/calendrier\/que-semer-en-mai#respond"]}]},{"@type":"WebPage","@id":"https:\/\/www.france-serres.com\/blog\/calendrier\/que-semer-en-mai","url":"https:\/\/www.france-serres.com\/blog\/calendrier\/que-semer-en-mai","name":"Que semer en mai ? - France Serres","isPartOf":{"@id":"https:\/\/www.france-serres.com\/blog\/#website"},"primaryImageOfPage":{"@id":"https:\/\/www.france-serres.com\/blog\/calendrier\/que-semer-en-mai#primaryimage"},"image":{"@id":"https:\/\/www.france-serres.com\/blog\/calendrier\/que-semer-en-mai#primaryimage"},"thumbnailUrl":"https:\/\/www.france-serres.com\/blog\/wp-content\/uploads\/que-semer-en-mai.webp","datePublished":"2021-04-21T09:18:00+00:00","dateModified":"2024-04-15T07:30:24+00:00","description":"En mai, fais ce qu\u2019il te pla\u00eet ! Comme dit l\u2019adage, au mois de mai, il est plus facile de sortir sans craindre d\u2019attraper un coup de froid. Le doux printemps est bien l\u00e0, le jardinier va pouvoir faire facilement ses travaux du jardinage.","breadcrumb":{"@id":"https:\/\/www.france-serres.com\/blog\/calendrier\/que-semer-en-mai#breadcrumb"},"inLanguage":"fr-FR","potentialAction":[{"@type":"ReadAction","target":["https:\/\/www.france-serres.com\/blog\/calendrier\/que-semer-en-mai"]}]},{"@type":"ImageObject","inLanguage":"fr-FR","@id":"https:\/\/www.france-serres.com\/blog\/calendrier\/que-semer-en-mai#primaryimage","url":"https:\/\/www.france-serres.com\/blog\/wp-content\/uploads\/que-semer-en-mai.webp","contentUrl":"https:\/\/www.france-serres.com\/blog\/wp-content\/uploads\/que-semer-en-mai.webp","width":1200,"height":800,"caption":"que semer en mai ?"},{"@type":"BreadcrumbList","@id":"https:\/\/www.france-serres.com\/blog\/calendrier\/que-semer-en-mai#breadcrumb","itemListElement":[{"@type":"ListItem","position":1,"name":"Conseils","item":"https:\/\/www.france-serres.com\/blog"},{"@type":"ListItem","position":2,"name":"Calendrier","item":"https:\/\/www.france-serres.com\/blog\/calendrier"},{"@type":"ListItem","position":3,"name":"Que semer en mai&nbsp;?"}]},{"@type":"WebSite","@id":"https:\/\/www.france-serres.com\/blog\/#website","url":"https:\/\/www.france-serres.com\/blog\/","name":"France Serres","description":"","publisher":{"@id":"https:\/\/www.france-serres.com\/blog\/#organization"},"potentialAction":[{"@type":"SearchAction","target":{"@type":"EntryPoint","urlTemplate":"https:\/\/www.france-serres.com\/blog\/?s={search_term_string}"},"query-input":{"@type":"PropertyValueSpecification","valueRequired":true,"valueName":"search_term_string"}}],"inLanguage":"fr-FR"},{"@type":"Organization","@id":"https:\/\/www.france-serres.com\/blog\/#organization","name":"France Serres","url":"https:\/\/www.france-serres.com\/blog\/","logo":{"@type":"ImageObject","inLanguage":"fr-FR","@id":"https:\/\/www.france-serres.com\/blog\/#\/schema\/logo\/image\/","url":"https:\/\/www.france-serres.com\/blog\/wp-content\/uploads\/logo-min.svg","contentUrl":"https:\/\/www.france-serres.com\/blog\/wp-content\/uploads\/logo-min.svg","width":1887,"height":780,"caption":"France Serres"},"image":{"@id":"https:\/\/www.france-serres.com\/blog\/#\/schema\/logo\/image\/"},"sameAs":["https:\/\/www.facebook.com\/FrSerres\/","https:\/\/www.instagram.com\/insta_france_serres\/","https:\/\/www.pinterest.fr\/FranceSerres\/","https:\/\/www.youtube.com\/@france-serres","https:\/\/www.linkedin.com\/company\/france-serres-france-diffusion"]},{"@type":"Person","@id":"https:\/\/www.france-serres.com\/blog\/#\/schema\/person\/e5546dc0a963c73e36b18bb3ed73f48c","name":"Pierre de France Serres","image":{"@type":"ImageObject","inLanguage":"fr-FR","@id":"https:\/\/www.france-serres.com\/blog\/#\/schema\/person\/image\/","url":"https:\/\/www.france-serres.com\/blog\/wp-content\/uploads\/auteur-pierre-96x96.webp","contentUrl":"https:\/\/www.france-serres.com\/blog\/wp-content\/uploads\/auteur-pierre-96x96.webp","caption":"Pierre de France Serres"},"description":"Passionn\u00e9 de jardinage (sous serre mais pas que), je suis r\u00e9dacteur pour le site France Serres depuis bient\u00f4t 10 ans. J'aime apprendre aupr\u00e8s d'autres jardiniers et donner quelques conseils au travers de mes articles.","sameAs":["https:\/\/www.france-serres.com\/wordpress","https:\/\/www.facebook.com\/FrSerres\/"]}]}},"_links":{"self":[{"href":"https:\/\/www.france-serres.com\/blog\/wp-json\/wp\/v2\/posts\/780","targetHints":{"allow":["GET"]}}],"collection":[{"href":"https:\/\/www.france-serres.com\/blog\/wp-json\/wp\/v2\/posts"}],"about":[{"href":"https:\/\/www.france-serres.com\/blog\/wp-json\/wp\/v2\/types\/post"}],"author":[{"embeddable":true,"href":"https:\/\/www.france-serres.com\/blog\/wp-json\/wp\/v2\/users\/1"}],"replies":[{"embeddable":true,"href":"https:\/\/www.france-serres.com\/blog\/wp-json\/wp\/v2\/comments?post=780"}],"version-history":[{"count":0,"href":"https:\/\/www.france-serres.com\/blog\/wp-json\/wp\/v2\/posts\/780\/revisions"}],"wp:featuredmedia":[{"embeddable":true,"href":"https:\/\/www.france-serres.com\/blog\/wp-json\/wp\/v2\/media\/783"}],"wp:attachment":[{"href":"https:\/\/www.france-serres.com\/blog\/wp-json\/wp\/v2\/media?parent=780"}],"wp:term":[{"taxonomy":"category","embeddable":true,"href":"https:\/\/www.france-serres.com\/blog\/wp-json\/wp\/v2\/categories?post=780"},{"taxonomy":"post_tag","embeddable":true,"href":"https:\/\/www.france-serres.com\/blog\/wp-json\/wp\/v2\/tags?post=780"}],"curies":[{"name":"wp","href":"https:\/\/api.w.org\/{rel}","templated":true}]}}