{"id":3384,"date":"2023-12-06T16:08:05","date_gmt":"2023-12-06T15:08:05","guid":{"rendered":"https:\/\/www.france-serres.com\/blog\/?p=3384"},"modified":"2024-10-07T11:40:49","modified_gmt":"2024-10-07T09:40:49","slug":"conseils-voile-hivernage","status":"publish","type":"post","link":"https:\/\/www.france-serres.com\/blog\/astuces\/conseils-voile-hivernage","title":{"rendered":"Voile d&rsquo;hivernage et autres astuces pour prot\u00e9ger les plantes du gel"},"content":{"rendered":"<div class=\"gb-container gb-container-5121b7f6 summary\"><div class=\"gb-inside-container\">\n\n<p class=\"gb-headline gb-headline-31b43c25 gb-headline-text\"><strong>Dans cet article<\/strong><\/p>\n\n\n<div class=\"gb-container gb-container-c402f8a2\"><div class=\"gb-inside-container\">\n\n<ol class=\"wp-block-list\">\n<li><a href=\"#resistance\">La r\u00e9sistance au froid des diff\u00e9rentes vari\u00e9t\u00e9s de plantes<\/a><\/li>\n\n\n\n<li><a href=\"#plantes\">Comment augmenter la r\u00e9sistance des plantes au froid<\/a><\/li>\n\n\n\n<li><a href=\"#protections\">Voile d&rsquo;hivernage et autres protections contre le gel<\/a><\/li>\n\n\n\n<li><a href=\"#faq\">Questions fr\u00e9quentes<\/a><\/li>\n<\/ol>\n\n<\/div><\/div>\n<\/div><\/div>\n\n\n<h2 class=\"gb-headline gb-headline-3b8e026b gb-headline-text\" id=\"resistance\">La r\u00e9sistance au froid des diff\u00e9rentes vari\u00e9t\u00e9s de plantes<\/h2>\n\n\n\n<p>Toutes les plantes ne sont pas aussi r\u00e9sistantes au froid. Plantes en pot, l\u00e9gumes, arbres\u2026 quelles plantes faut-il absolument prot\u00e9ger des frimas de l&rsquo;hiver&nbsp;?<\/p>\n\n\n\n<h3 class=\"gb-headline gb-headline-fbd284b3 gb-headline-text\">1) Plantes en pot<\/h3>\n\n\n\n<p>Le peu de terre contenue dans les pots ou les jardini\u00e8res ne suffit pas \u00e0 isoler suffisamment les plantes du gel, m\u00eames les plus rustiques. Quelques pr\u00e9cautions \u00e9l\u00e9mentaires pourraient pourtant les en pr\u00e9server sans difficult\u00e9.<\/p>\n\n\n\n<ul class=\"wp-block-list\">\n<li><strong>Premier conseil&nbsp;:<\/strong> optez pour des pots r\u00e9sistants au gel. Ce type de pot non poreux ne risquera pas d\u2019\u00e9clater en cas de temp\u00e9ratures n\u00e9gatives.<\/li>\n\n\n\n<li><strong>Second conseil&nbsp;:<\/strong> prot\u00e9gez vos pots du froid en les entourant de mat\u00e9riaux isolants&nbsp;:<br>&#8211; Papier bulle<br>&#8211; Couverture en fibre de coco ou raphia<br>&#8211; Couverture en laine (type feutre)<\/li>\n\n\n\n<li><strong>Dernier conseil&nbsp;:<\/strong> Ne laissez pas les pots en contact direct avec le sol gel\u00e9, les racines n\u2019y survivraient pas. Assurez une distance par rapport au sol \u00e0 l\u2019aide d\u2019une palette, d\u2019un socle, etc. ou utilisez un mat\u00e9riau isolant&nbsp;: polystyr\u00e8ne, chutes de bois&#8230;<\/li>\n<\/ul>\n\n\n<div class=\"gb-grid-wrapper gb-grid-wrapper-cfd9ec9a\">\n<div class=\"gb-grid-column gb-grid-column-f0cedfbb\"><div class=\"gb-container gb-container-f0cedfbb\"><div class=\"gb-inside-container\">\n<div class=\"wp-block-image\">\n<figure class=\"aligncenter size-full\"><img loading=\"lazy\" decoding=\"async\" width=\"700\" height=\"500\" src=\"https:\/\/www.france-serres.com\/blog\/wp-content\/uploads\/pot-fleur-endommage-gel.webp\" alt=\"Pot de fleur endommag\u00e9 par le gel\" class=\"wp-image-3372\" srcset=\"https:\/\/www.france-serres.com\/blog\/wp-content\/uploads\/pot-fleur-endommage-gel.webp 700w, https:\/\/www.france-serres.com\/blog\/wp-content\/uploads\/pot-fleur-endommage-gel-300x214.webp 300w\" sizes=\"auto, (max-width: 420px) 300px, (min-width: 421px) 768px, (min-width: 725px) 1024px\" \/><figcaption class=\"wp-element-caption\">Pot de fleur endommag\u00e9 par le gel<\/figcaption><\/figure><\/div>\n<\/div><\/div><\/div>\n\n<div class=\"gb-grid-column gb-grid-column-efb0018d\"><div class=\"gb-container gb-container-efb0018d\"><div class=\"gb-inside-container\">\n<div class=\"wp-block-image\">\n<figure class=\"aligncenter size-full\"><img loading=\"lazy\" decoding=\"async\" width=\"700\" height=\"500\" src=\"https:\/\/www.france-serres.com\/blog\/wp-content\/uploads\/eclatement-bac-fleur-gel.webp\" alt=\"\u00e9clatement d'un bac \u00e0 fleur sous l'effet du gel\" class=\"wp-image-3360\" srcset=\"https:\/\/www.france-serres.com\/blog\/wp-content\/uploads\/eclatement-bac-fleur-gel.webp 700w, https:\/\/www.france-serres.com\/blog\/wp-content\/uploads\/eclatement-bac-fleur-gel-300x214.webp 300w\" sizes=\"auto, (max-width: 420px) 300px, (min-width: 421px) 768px, (min-width: 725px) 1024px\" \/><figcaption class=\"wp-element-caption\">Bac en terre cuite \u00e9clat\u00e9<\/figcaption><\/figure><\/div>\n<\/div><\/div><\/div>\n<\/div>\n\n<div class=\"wp-block-image\">\n<figure class=\"aligncenter size-full\"><img loading=\"lazy\" decoding=\"async\" width=\"500\" height=\"700\" src=\"https:\/\/www.france-serres.com\/blog\/wp-content\/uploads\/protection-pot-fleur-gel.webp\" alt=\"Protection d'un pot de fleur contre le gel\" class=\"wp-image-3377\" srcset=\"https:\/\/www.france-serres.com\/blog\/wp-content\/uploads\/protection-pot-fleur-gel.webp 500w, https:\/\/www.france-serres.com\/blog\/wp-content\/uploads\/protection-pot-fleur-gel-214x300.webp 214w\" sizes=\"auto, (max-width: 420px) 300px, (min-width: 421px) 768px, (min-width: 725px) 1024px\" \/><figcaption class=\"wp-element-caption\">Pensez \u00e0 isoler vos pots du gel en les entourant d&rsquo;une couche protectrice&nbsp;: toile de jute, couverture&#8230;<\/figcaption><\/figure><\/div>\n\n\n<h3 class=\"gb-headline gb-headline-1fe9bee5 gb-headline-text\">2) Plantes tendres et sensibles<\/h3>\n\n\n\n<p>Les grandes plantes tendres et arborescentes comme les bananiers ou les tetrapanax sont g\u00e9n\u00e9ralement cultiv\u00e9es en pleine terre toute l&rsquo;ann\u00e9e. Ces vari\u00e9t\u00e9s exotiques sensibles au froid ont absolument besoin d&rsquo;une protection hivernale.<\/p>\n\n\n<div class=\"gb-grid-wrapper gb-grid-wrapper-8040f77f\">\n<div class=\"gb-grid-column gb-grid-column-8255f23d\"><div class=\"gb-container gb-container-8255f23d\"><div class=\"gb-inside-container\">\n<div class=\"wp-block-image\">\n<figure class=\"aligncenter size-full\"><img loading=\"lazy\" decoding=\"async\" width=\"500\" height=\"700\" src=\"https:\/\/www.france-serres.com\/blog\/wp-content\/uploads\/consequences-gel-bananier.webp\" alt=\"D\u00e9g\u00e2ts du gel sur un bananier\" class=\"wp-image-3358\" srcset=\"https:\/\/www.france-serres.com\/blog\/wp-content\/uploads\/consequences-gel-bananier.webp 500w, https:\/\/www.france-serres.com\/blog\/wp-content\/uploads\/consequences-gel-bananier-214x300.webp 214w\" sizes=\"auto, (max-width: 420px) 300px, (min-width: 421px) 768px, (min-width: 725px) 1024px\" \/><figcaption class=\"wp-element-caption\">Bananier touch\u00e9 par le gel<\/figcaption><\/figure><\/div>\n<\/div><\/div><\/div>\n\n<div class=\"gb-grid-column gb-grid-column-e57405bb\"><div class=\"gb-container gb-container-e57405bb\"><div class=\"gb-inside-container\">\n<div class=\"wp-block-image\">\n<figure class=\"aligncenter size-full\"><img loading=\"lazy\" decoding=\"async\" width=\"700\" height=\"500\" src=\"https:\/\/www.france-serres.com\/blog\/wp-content\/uploads\/tetrapanax-hivernage.webp\" alt=\"Hivernage d'un Tetrapanax papyrifer\" class=\"wp-image-3382\" srcset=\"https:\/\/www.france-serres.com\/blog\/wp-content\/uploads\/tetrapanax-hivernage.webp 700w, https:\/\/www.france-serres.com\/blog\/wp-content\/uploads\/tetrapanax-hivernage-300x214.webp 300w\" sizes=\"auto, (max-width: 420px) 300px, (min-width: 421px) 768px, (min-width: 725px) 1024px\" \/><figcaption class=\"wp-element-caption\">Le Tetrapanax est une vari\u00e9t\u00e9 de plante exotique sensible au gel<\/figcaption><\/figure><\/div>\n<\/div><\/div><\/div>\n<\/div>\n\n\n<h3 class=\"gb-headline gb-headline-6e5df945 gb-headline-text\">3) Les agrumes<\/h3>\n\n\n<div class=\"gb-grid-wrapper gb-grid-wrapper-870a1929\">\n<div class=\"gb-grid-column gb-grid-column-9834455e\"><div class=\"gb-container gb-container-9834455e\"><div class=\"gb-inside-container\">\n\n<p class=\"gb-headline gb-headline-f4c8c0ed gb-headline-text\">En dehors de quelques rares vari\u00e9t\u00e9s rustiques, les agrumes sont frileux&nbsp;(oranger, citronnier\u2026) et doivent hiverner \u00e0 des temp\u00e9ratures comprises entre 5 et 10\u00b0C. Un voile d\u2019hivernage ou une couverture ne suffiront pas \u00e0 assurer une protection hivernale suffisante \u00e0 ces vari\u00e9t\u00e9s en cas de grand froid. Abritez-les dans votre serre de jardin apr\u00e8s avoir v\u00e9rifi\u00e9 l\u2019absence de parasites.<\/p>\n\n\n\n<p class=\"gb-headline gb-headline-e08b713c gb-headline-text\">Attention&nbsp;: il s\u2019agit d\u2019arbustes \u00e0 feuilles persistantes qui doivent recevoir suffisamment de lumi\u00e8re.<\/p>\n\n<\/div><\/div><\/div>\n\n<div class=\"gb-grid-column gb-grid-column-5156d65d\"><div class=\"gb-container gb-container-5156d65d\"><div class=\"gb-inside-container\">\n\n<figure class=\"gb-block-image gb-block-image-2b6b706b\"><img loading=\"lazy\" decoding=\"async\" width=\"500\" height=\"700\" class=\"gb-image gb-image-2b6b706b\" src=\"https:\/\/www.france-serres.com\/blog\/wp-content\/uploads\/protection-froid-citronnier.webp\" alt=\"Protection d'un citronnier contre le froid et le gel\" title=\"Protection d'un citronnier contre le froid et le gel\" srcset=\"https:\/\/www.france-serres.com\/blog\/wp-content\/uploads\/protection-froid-citronnier.webp 500w, https:\/\/www.france-serres.com\/blog\/wp-content\/uploads\/protection-froid-citronnier-214x300.webp 214w\" sizes=\"auto, (max-width: 420px) 300px, (min-width: 421px) 768px, (min-width: 725px) 1024px\" \/>\n<figcaption class=\"gb-headline gb-headline-0b8f60fe gb-headline-text\">Les agrumes (ici un citronnier) doivent \u00eatre prot\u00e9g\u00e9s et rentr\u00e9s sous abri en cas de gel<\/figcaption>\n<\/figure>\n\n<\/div><\/div><\/div>\n<\/div>\n\n\n<h3 class=\"gb-headline gb-headline-2227c69b gb-headline-text\">4) Les palmiers<\/h3>\n\n\n\n<p>De nombreuses esp\u00e8ces de palmiers pr\u00e9sentent une tr\u00e8s bonne r\u00e9sistance au froid et au gel. Chercher \u00e0 les prot\u00e9ger peut m\u00eame causer plus de d\u00e9g\u00e2ts que le froid lui-m\u00eame.<\/p>\n\n\n\n<p>La protection hivernale la plus adapt\u00e9e d\u00e9pendra du type de palmier et des temp\u00e9ratures relev\u00e9es. De mani\u00e8re g\u00e9n\u00e9rale, plus le tronc d&rsquo;un palmier est fin, plus il aura besoin d\u2019\u00eatre prot\u00e9g\u00e9 du froid.<\/p>\n\n\n<div class='code-block code-block-3' style='margin: 8px 0; clear: both;'>\n<a href=\"https:\/\/www.france-serres.com\/recherche?s=serre&utm_source=VISUEL_ARTICLE&utm_medium=cta\" target=\"_blank\" rel=\"nofollow noreferrer noopener\"><img loading=\"lazy\" decoding=\"async\" src=\"https:\/\/www.france-serres.com\/blog\/wp-content\/uploads\/serres-cta-article-55.webp\" alt=\"Gamme serres de jardin\" width=\"1000\" height=\"327\"><\/a><\/div>\n\n\n\n\n<h3 class=\"gb-headline gb-headline-c80ac9e2 gb-headline-text\">5) Les rosiers<\/h3>\n\n\n\n<p>De nombreuses vari\u00e9t\u00e9s de rosiers sont sensibles au froid. Leur point faible est surtout localis\u00e9 dans la zone de greffe, \u00e0 la base des plants pour les greffes en pied, ou plus haut pour les greffes en t\u00eate, ce qui justifie que vous devrez surtout prot\u00e9ger ces zones sensibles.<br>\u00c0 leur base, il vous suffira d\u2019utiliser pour cela des mat\u00e9riaux grossiers comme du paillis, des feuilles ou simplement en r\u00e9alisant un monticule de terre (buttage) pour prot\u00e9ger le porte-greffe \u00e0 la base des rosiers.<br>Les rosiers dont le point de greffe est situ\u00e9 \u00e0 l\u2019extr\u00e9mit\u00e9 des tiges seront quant \u00e0 eux simplement prot\u00e9g\u00e9s par un voile d\u2019hivernage. Les jeunes pousses pourront \u00eatre prot\u00e9g\u00e9es par des aiguilles de pin.<\/p>\n\n\n<div class=\"gb-grid-wrapper gb-grid-wrapper-bcde16cf\">\n<div class=\"gb-grid-column gb-grid-column-b0815123\"><div class=\"gb-container gb-container-b0815123\"><div class=\"gb-inside-container\">\n<div class=\"wp-block-image\">\n<figure class=\"aligncenter size-full\"><img loading=\"lazy\" decoding=\"async\" width=\"700\" height=\"500\" src=\"https:\/\/www.france-serres.com\/blog\/wp-content\/uploads\/protection-rosier-hiver.webp\" alt=\"Protection de roses contre le froid en hiver\" class=\"wp-image-3380\" srcset=\"https:\/\/www.france-serres.com\/blog\/wp-content\/uploads\/protection-rosier-hiver.webp 700w, https:\/\/www.france-serres.com\/blog\/wp-content\/uploads\/protection-rosier-hiver-300x214.webp 300w\" sizes=\"auto, (max-width: 420px) 300px, (min-width: 421px) 768px, (min-width: 725px) 1024px\" \/><figcaption class=\"wp-element-caption\">Pose d&rsquo;un voile d&rsquo;hivernage sur un rosier<\/figcaption><\/figure><\/div>\n<\/div><\/div><\/div>\n\n<div class=\"gb-grid-column gb-grid-column-5dcd9761\"><div class=\"gb-container gb-container-5dcd9761\"><div class=\"gb-inside-container\">\n<div class=\"wp-block-image\">\n<figure class=\"aligncenter size-full\"><img loading=\"lazy\" decoding=\"async\" width=\"700\" height=\"500\" src=\"https:\/\/www.france-serres.com\/blog\/wp-content\/uploads\/buttage-rosier-hiver.webp\" alt=\"Buttage d'un rosier en hiver\" class=\"wp-image-3354\" srcset=\"https:\/\/www.france-serres.com\/blog\/wp-content\/uploads\/buttage-rosier-hiver.webp 700w, https:\/\/www.france-serres.com\/blog\/wp-content\/uploads\/buttage-rosier-hiver-300x214.webp 300w\" sizes=\"auto, (max-width: 420px) 300px, (min-width: 421px) 768px, (min-width: 725px) 1024px\" \/><figcaption class=\"wp-element-caption\">La zone de greffe peut simplement \u00eatre prot\u00e9g\u00e9e du froid par buttage<\/figcaption><\/figure><\/div>\n<\/div><\/div><\/div>\n<\/div>\n\n\n<h3 class=\"gb-headline gb-headline-0ff26b7c gb-headline-text\">6) Les l\u00e9gumes<\/h3>\n\n\n\n<p>La r\u00e9sistance au froid des l\u00e9gumes est tr\u00e8s variable. Les vari\u00e9t\u00e9s d\u2019hiver sont logiquement les plus r\u00e9sistantes, vous pourrez vous contenter de les couvrir pour pouvoir continuer \u00e0 r\u00e9colter malgr\u00e9 la neige. Les vari\u00e9t\u00e9s estivales de l\u00e9gumes-fruits sont plus riches en eau et donc beaucoup plus sensibles au gel.<\/p>\n\n\n\n<figure class=\"wp-block-table\"><table class=\"has-fixed-layout\"><tbody><tr><td><strong>Vari\u00e9t\u00e9s r\u00e9sistantes au gel fort<\/strong><\/td><td><strong>Vari\u00e9t\u00e9s r\u00e9sistantes au gel mod\u00e9r\u00e9 <\/strong><\/td><td><strong>Vari\u00e9t\u00e9s non r\u00e9sistantes au gel<\/strong><\/td><\/tr><tr><td>Ail et oignon<br>Persil<br>Topinambour<br>Salsifis<br>Poireau<br>Panais<br><a href=\"https:\/\/www.france-serres.com\/blog\/culture\/culture-de-laitue\">Salades<\/a> d&rsquo;hiver<br>Choux (brocolis, fris\u00e9, pomm\u00e9, de Bruxelles&#8230;)<br>C\u00e9leri-rave<br>Chicor\u00e9e<\/td><td>Radis<br>Pomme de terre<br>Pois<br>Navet<br>Endive<br>Chou-fleur<br>C\u00e9leri-branche<br><a href=\"https:\/\/www.france-serres.com\/blog\/culture\/la-culture-de-la-carotte\">Carotte<\/a><br>Blette<br>Betterave<br>Asperge<br>Artichaut<\/td><td><a href=\"https:\/\/www.france-serres.com\/blog\/culture\/culture-de-tomates\">Tomate<\/a><br>Poivron<br>Piment<br>Past\u00e8que<br><a href=\"https:\/\/www.france-serres.com\/blog\/culture\/culture-du-melon\">Melon<\/a><br>Ma\u00efs<br>Haricot<br><a href=\"https:\/\/www.france-serres.com\/blog\/culture\/culture-de-courgette\">Courgette<\/a><br>Courge<br><a href=\"https:\/\/www.france-serres.com\/blog\/culture\/culture-du-concombre-en-serre\">Concombre<\/a><br><a href=\"https:\/\/www.france-serres.com\/blog\/culture\/culture-aubergines\">Aubergine<\/a><\/td><\/tr><\/tbody><\/table><figcaption class=\"wp-element-caption\">R\u00e9sistance au gel des diff\u00e9rentes vari\u00e9t\u00e9s de l\u00e9gumes<\/figcaption><\/figure>\n\n\n\n<h3 class=\"gb-headline gb-headline-3abe4982 gb-headline-text\">7) Les plantes m\u00e9diterran\u00e9ennes<\/h3>\n\n\n\n<p>Les plantes m\u00e9diterran\u00e9ennes doivent hiverner entre 5 et 10\u00b0C pour rester en bonne sant\u00e9. Les vari\u00e9t\u00e9s rustiques comme l&rsquo;olivier peuvent survivre \u00e0 une courte p\u00e9riode de gel allant jusqu&rsquo;\u00e0 -5 \u00b0C, mais vous devrez tout de m\u00eame les prot\u00e9ger par un voile d\u2019hivernage. Comme les agrumes, les oliviers conservent leurs feuilles pendant l&rsquo;hiver et devront \u00eatre entrepos\u00e9s dans un endroit clair. Les vari\u00e9t\u00e9s m\u00e9diterran\u00e9ennes \u00e0 feuilles caduques comme le fuchsia peuvent hiverner au frais dans l&rsquo;obscurit\u00e9.<\/p>\n\n\n\n<h3 class=\"gb-headline gb-headline-0a70d874 gb-headline-text\">8) Herbes aromatiques<\/h3>\n\n\n\n<p>La plupart des <a href=\"https:\/\/www.france-serres.com\/blog\/culture\/cultiver-des-plantes-aromatiques-sous-serre\">herbes aromatiques<\/a> sont rustiques et ne n\u00e9cessitent aucune protection particuli\u00e8re. Les esp\u00e8ces sensibles comme le romarin pourront simplement \u00eatre prot\u00e9g\u00e9es du gel au moyen d\u2019un panier ou d\u2019un bac retourn\u00e9.<\/p>\n\n\n\n<p>Les herbes aromatiques suivantes craignent le gel&nbsp;et pourront \u00eatre prot\u00e9g\u00e9es avec une simple cloche et du paillage&nbsp;:<\/p>\n\n\n\n<ul class=\"wp-block-list\">\n<li>Sauge<\/li>\n\n\n\n<li>Persil<\/li>\n\n\n\n<li>Verveine<\/li>\n\n\n\n<li>Citronnelle<\/li>\n\n\n\n<li>Basilic<\/li>\n<\/ul>\n\n\n\n<p>Bien s\u00fbr, si vous <a href=\"https:\/\/www.france-serres.com\/blog\/culture\/culture-en-pot\">cultivez ces vari\u00e9t\u00e9s en pot<\/a>, l\u2019id\u00e9al sera de les rentrer \u00e0 l\u2019int\u00e9rieur de votre maison ou dans votre v\u00e9randa.<\/p>\n\n\n\n<h3 class=\"gb-headline gb-headline-35fc9818 gb-headline-text\">9) Plantes de jardinerie<\/h3>\n\n\n\n<p>Attention&nbsp;: Les plantes, m\u00eame rustiques, que vous venez juste d\u2019acheter en jardinerie sont particuli\u00e8rement sensibles au gel. Ces jeunes plants \u00e9lev\u00e9s dans des conditions de temp\u00e9rature mod\u00e9r\u00e9es risquent de ne pas \u00eatre suffisamment pr\u00e9par\u00e9es au froid. Surtout, leur syst\u00e8me racinaire n\u2019est pas encore assez d\u00e9velopp\u00e9 et pourrait se dess\u00e9cher. L&rsquo;air froid hivernal contribue en effet \u00e0 fortement r\u00e9duire l&rsquo;humidit\u00e9 du sol.<\/p>\n\n\n<div class=\"gb-container gb-container-962c8514 conclusion\"><div class=\"gb-inside-container\">\n\n<h3 class=\"gb-headline gb-headline-0edc0395 gb-headline-text\"><strong>G\u00e9livure<\/strong> (fissures localis\u00e9es aux troncs d&rsquo;arbres)<\/h3>\n\n\n\n<p>Des fissures de contrainte dues au gel, appel\u00e9es g\u00e9livures, peuvent se produire en raison de grandes diff\u00e9rences de temp\u00e9rature entre le jour et la nuit. Ce ph\u00e9nom\u00e8ne a surtout lieu durant les journ\u00e9es ensoleill\u00e9es qui suivent une nuit tr\u00e8s froide. Concr\u00e8tement, \u00e0 mesure que la temp\u00e9rature augmente, le volume du tronc augmente jusqu\u2019\u00e0 se fissurer, en provoquant parfois un craquement sonore. La fissure se produit g\u00e9n\u00e9ralement du c\u00f4t\u00e9 sud du tronc, o\u00f9 la temp\u00e9rature est la plus importante, et sur des troncs bless\u00e9s pr\u00e9dispos\u00e9s \u00e0 ce type de fissure hivernale.<\/p>\n\n\n\n<p>Les jeunes arbres fruitiers dot\u00e9s d\u2019une fine \u00e9corce sont particuli\u00e8rement sensibles, tout comme le ch\u00e2taignier, le fr\u00eane, l&rsquo;orme, l&rsquo;\u00e9rable le platane ou l\u2019albizia.<\/p>\n\n\n\n<p>Pour parer \u00e0 cet \u00e9v\u00e8nement, certains choisissent de peindre le tronc en blanc. Mais le plus simple est encore d\u2019emmailloter le tronc des arbres \u00e0 l\u2019aide d\u2019une toile de jute, de canisses, de voile d\u2019ombrage ou tout autre rev\u00eatement. Veillez surtout \u00e0 retirer cette protection assez rapidement, vous \u00e9viterez ainsi l\u2019installation des parasites ou l\u2019humidit\u00e9 stagnante.<\/p>\n\n\n\n<p>Astuce&nbsp;: Une simple planche de bois appuy\u00e9e contre le tronc fournira de l\u2019ombre et \u00e9vitera au tronc de se fissurer en plein soleil.<\/p>\n\n\n<div class=\"gb-container gb-container-d76ef10d\"><div class=\"gb-inside-container\">\n<div class=\"gb-grid-wrapper gb-grid-wrapper-97b80cd4\">\n<div class=\"gb-grid-column gb-grid-column-5011854b\"><div class=\"gb-container gb-container-5011854b\"><div class=\"gb-inside-container\">\n<div class=\"wp-block-image\">\n<figure class=\"aligncenter size-full\"><img loading=\"lazy\" decoding=\"async\" width=\"500\" height=\"700\" src=\"https:\/\/www.france-serres.com\/blog\/wp-content\/uploads\/canisse-tronc-arbre-hiver.webp\" alt=\"Canisse sur un tronc d'arbre en hiver\" class=\"wp-image-3355\" srcset=\"https:\/\/www.france-serres.com\/blog\/wp-content\/uploads\/canisse-tronc-arbre-hiver.webp 500w, https:\/\/www.france-serres.com\/blog\/wp-content\/uploads\/canisse-tronc-arbre-hiver-214x300.webp 214w\" sizes=\"auto, (max-width: 420px) 300px, (min-width: 421px) 768px, (min-width: 725px) 1024px\" \/><figcaption class=\"wp-element-caption\">Protection d&rsquo;un tronc \u00e0 l&rsquo;aide de canisse<\/figcaption><\/figure><\/div>\n<\/div><\/div><\/div>\n\n<div class=\"gb-grid-column gb-grid-column-4e61d10a\"><div class=\"gb-container gb-container-4e61d10a\"><div class=\"gb-inside-container\">\n<div class=\"wp-block-image\">\n<figure class=\"aligncenter size-full\"><img loading=\"lazy\" decoding=\"async\" width=\"500\" height=\"700\" src=\"https:\/\/www.france-serres.com\/blog\/wp-content\/uploads\/protection-tronc-arbre-gel.webp\" alt=\"Protection d'un tronc d'arbre contre les g\u00e9livures\" class=\"wp-image-3381\" srcset=\"https:\/\/www.france-serres.com\/blog\/wp-content\/uploads\/protection-tronc-arbre-gel.webp 500w, https:\/\/www.france-serres.com\/blog\/wp-content\/uploads\/protection-tronc-arbre-gel-214x300.webp 214w\" sizes=\"auto, (max-width: 420px) 300px, (min-width: 421px) 768px, (min-width: 725px) 1024px\" \/><figcaption class=\"wp-element-caption\">Tronc emmaillot\u00e9 par un voile d&rsquo;hivernage<\/figcaption><\/figure><\/div>\n<\/div><\/div><\/div>\n<\/div>\n<\/div><\/div>\n<\/div><\/div>\n\n\n<h2 class=\"gb-headline gb-headline-6675ea46 gb-headline-text\" id=\"plantes\">Comment augmenter la r\u00e9sistance des plantes au froid<\/h2>\n\n\n\n<h3 class=\"gb-headline gb-headline-29dc4d40 gb-headline-text\">1) Faites attention \u00e0 l&#8217;emplacement et aux microclimats<\/h3>\n\n\n\n<p>Soyez vigilants \u00e0 l\u2019emplacement de vos plantes les plus sensibles au gel. \u00c9vitez de les planter dans une zone basse, o\u00f9 l&rsquo;air froid pourrait stagner, et utilisez vos haies et cl\u00f4tures comme brise-vent pour prot\u00e9ger les plantes tendres des courants d\u2019air glac\u00e9s.<\/p>\n\n\n\n<h3 class=\"gb-headline gb-headline-4f2ef700 gb-headline-text\">2) Renforcez la bonne sant\u00e9 de vos plantes<\/h3>\n\n\n\n<p>Les plantes saines supporteront mieux les temp\u00e9ratures hivernales que les autres, et se remettront plus rapidement des coups de froid. Attention toutefois \u00e0 ne pas apporter d\u2019engrais trop tard, une fertilisation tardive \u00e0 l&rsquo;automne pourrait entra\u00eener une croissance difficile \u00e0 supporter en cas de temp\u00e9ratures n\u00e9gatives.<\/p>\n\n\n\n<h3 class=\"gb-headline gb-headline-91c3c316 gb-headline-text\">3) Profitez des couverts naturels<\/h3>\n\n\n\n<p>Le couvert des arbres persistants peut limiter le rayonnement nocturne et r\u00e9duire le refroidissement tr\u00e8s localement de quelques degr\u00e9s, un peu \u00e0 la mani\u00e8re d\u2019une couverture. Bien s\u00fbr, pour que cette technique soit efficace, la zone devra \u00eatre suffisamment abrit\u00e9e du vent.<\/p>\n\n\n\n<h3 class=\"gb-headline gb-headline-1bf45084 gb-headline-text\">4) N&rsquo;oubliez pas d&rsquo;arroser de temps en temps<\/h3>\n\n\n\n<p>Un gel est pr\u00e9vu dans votre r\u00e9gion&nbsp;? <a href=\"https:\/\/www.france-serres.com\/blog\/astuces\/arrosage-au-potager-toutes-les-astuces-incontournables\">L&rsquo;arrosage des plantes<\/a> peut aider \u00e0 prot\u00e9ger les plus sensibles. En effet, <a href=\"https:\/\/www.france-serres.com\/blog\/culture\/comment-ameliorer-une-terre-argileuse\">un sol humide<\/a> absorbera plus de chaleur pendant la journ\u00e9e et la diffusera pendant la nuit. Attention bien s\u00fbr \u00e0 ne pas trop arroser, la saturation prolong\u00e9e du sol pourrait asphyxier les racines.<\/p>\n\n\n<div class=\"gb-container gb-container-207faa1d conclusion\"><div class=\"gb-inside-container\">\n\n<h4 class=\"gb-headline gb-headline-4256c60b gb-headline-text\"><strong><strong>Attention \u00e0 la s\u00e9cheresse due au gel<\/strong><\/strong><\/h4>\n\n\n\n<p>En hiver, le soleil fait parfois plus de d\u00e9g\u00e2ts que le froid. Il arrive en effet que le soleil brille et d\u00e9clenche la transpiration des feuilles. Mais si le sol est gel\u00e9, les racines sont alors incapables de compenser cette \u00e9vaporation et les plantes se dess\u00e8chent, plus encore en cas de vent. Les vari\u00e9t\u00e9s pourvues de syst\u00e8me racinaire en surface sont fr\u00e9quemment touch\u00e9es.<\/p>\n\n\n\n<p>Ce ph\u00e9nom\u00e8ne de s\u00e9cheresse hivernale s\u2019observe g\u00e9n\u00e9ralement par un brunissement soudain des feuilles. Pour l\u2019\u00e9viter, augmentez l\u2019\u00e9paisseur de paillage jusqu\u2019\u00e0 atteindre au moins 30 centim\u00e8tres, et arrosez minimum une fois par mois pour maintenir le sol humide. Les sols humides retiennent en effet davantage la chaleur que les sols secs, et il est aussi beaucoup plus difficile de les faire geler profond\u00e9ment.<\/p>\n\n\n<div class=\"gb-container gb-container-2a447ba7\"><div class=\"gb-inside-container\">\n<div class=\"wp-block-image\">\n<figure class=\"aligncenter size-full\"><img loading=\"lazy\" decoding=\"async\" width=\"700\" height=\"500\" src=\"https:\/\/www.france-serres.com\/blog\/wp-content\/uploads\/feuilles-gel-secheresse.webp\" alt=\"Feuilles s\u00e8ches \u00e0 cause d'un sol gel\u00e9\" class=\"wp-image-3361\" srcset=\"https:\/\/www.france-serres.com\/blog\/wp-content\/uploads\/feuilles-gel-secheresse.webp 700w, https:\/\/www.france-serres.com\/blog\/wp-content\/uploads\/feuilles-gel-secheresse-300x214.webp 300w\" sizes=\"auto, (max-width: 420px) 300px, (min-width: 421px) 768px, (min-width: 725px) 1024px\" \/><figcaption class=\"wp-element-caption\">En hiver, des feuilles brunes peuvent trahir le ph\u00e9nom\u00e8ne de s\u00e9cheresse due au gel<\/figcaption><\/figure><\/div>\n<\/div><\/div>\n<\/div><\/div>\n\n\n<h3 class=\"gb-headline gb-headline-5c408817 gb-headline-text\">5) \u00c9vitez certaines tailles tardives<\/h3>\n\n\n\n<p>Le feuillage constitue une protection naturelle contre le froid. Il est donc d\u00e9conseill\u00e9 de tailler, d\u2019autant que cela risque de provoquer l\u2019apparition de nouvelles pousses plus susceptibles d&rsquo;\u00eatre endommag\u00e9es par le froid.<\/p>\n\n\n\n<p>\u00c9vitez surtout de tailler les vari\u00e9t\u00e9s suivantes&nbsp;:<\/p>\n\n\n\n<ul class=\"wp-block-list\">\n<li>Gramin\u00e9es<\/li>\n\n\n\n<li>Lila<\/li>\n\n\n\n<li>Forsythia<\/li>\n\n\n\n<li>Rhododendron<\/li>\n\n\n\n<li>Les vari\u00e9t\u00e9s \u00e0 feuillage persistant (conif\u00e8res, thuyas\u2026)<\/li>\n\n\n\n<li>Les arbres et arbustes \u00e0 bois tendre (hortensia, saule, noyer, peuplier\u2026)<\/li>\n<\/ul>\n\n\n\n<p>\u00c9vitez aussi de tailler les vari\u00e9t\u00e9s qui permettront aux animaux de s\u2019alimenter l\u2019hiver, de mani\u00e8re g\u00e9n\u00e9rale tous les arbustes qui poss\u00e8dent des fruits ou des baies (houx, lierre\u2026).<\/p>\n\n\n<div class=\"gb-grid-wrapper gb-grid-wrapper-0431e2e2\">\n<div class=\"gb-grid-column gb-grid-column-39246531\"><div class=\"gb-container gb-container-39246531\"><div class=\"gb-inside-container\">\n<div class=\"wp-block-image\">\n<figure class=\"aligncenter size-full\"><img loading=\"lazy\" decoding=\"async\" width=\"500\" height=\"700\" src=\"https:\/\/www.france-serres.com\/blog\/wp-content\/uploads\/merle-mange-baie-houx.webp\" alt=\"Merle en train de manger des baies de houx\" class=\"wp-image-3368\" srcset=\"https:\/\/www.france-serres.com\/blog\/wp-content\/uploads\/merle-mange-baie-houx.webp 500w, https:\/\/www.france-serres.com\/blog\/wp-content\/uploads\/merle-mange-baie-houx-214x300.webp 214w\" sizes=\"auto, (max-width: 420px) 300px, (min-width: 421px) 768px, (min-width: 725px) 1024px\" \/><figcaption class=\"wp-element-caption\">Les merles sont friands des baies du houx<\/figcaption><\/figure><\/div>\n<\/div><\/div><\/div>\n\n<div class=\"gb-grid-column gb-grid-column-d9057ac1\"><div class=\"gb-container gb-container-d9057ac1\"><div class=\"gb-inside-container\">\n<div class=\"wp-block-image\">\n<figure class=\"aligncenter size-full\"><img loading=\"lazy\" decoding=\"async\" width=\"500\" height=\"700\" src=\"https:\/\/www.france-serres.com\/blog\/wp-content\/uploads\/pigeon-mange-lierre.webp\" alt=\"Pigeon ramier en train de manger des fruits de lierre\" class=\"wp-image-3371\" srcset=\"https:\/\/www.france-serres.com\/blog\/wp-content\/uploads\/pigeon-mange-lierre.webp 500w, https:\/\/www.france-serres.com\/blog\/wp-content\/uploads\/pigeon-mange-lierre-214x300.webp 214w\" sizes=\"auto, (max-width: 420px) 300px, (min-width: 421px) 768px, (min-width: 725px) 1024px\" \/><figcaption class=\"wp-element-caption\">Le pigeon ramier est un grand amateur des fruits du lierre<\/figcaption><\/figure><\/div>\n<\/div><\/div><\/div>\n<\/div>\n\n\n<h3 class=\"gb-headline gb-headline-ccec0da2 gb-headline-text\">6) Gare aux parasites<\/h3>\n\n\n\n<p>Pensez \u00e0 inspecter r\u00e9guli\u00e8rement vos plantes pour d\u00e9tecter les \u00e9ventuels parasites et les supprimer si n\u00e9cessaire. Les plantes affaiblies par des maladies ou par des insectes suceurs de s\u00e8ve sont effectivement plus susceptibles d&rsquo;\u00eatre endommag\u00e9es par le froid.<\/p>\n\n\n\n<h3 class=\"gb-headline gb-headline-4375268f gb-headline-text\">7) Paillez syst\u00e9matiquement<\/h3>\n\n\n\n<p>La chaleur emmagasin\u00e9e par le sol \u00ab&nbsp;rayonne&nbsp;\u00bb pendant la nuit. Pour r\u00e9duire cette perte de chaleur par rayonnement et prot\u00e9ger les racines du gel, placez syst\u00e9matiquement du paillis aux pieds de toutes les plantes sensibles. \u00c7a tombe bien, c\u2019est justement \u00e0 cette p\u00e9riode que vous trouverez sans difficult\u00e9 de quoi pailler&nbsp;: feuilles mortes, branchages\u2026<\/p>\n\n\n\n<p>Vous ferez d\u2019autres heureux&nbsp;puisque de nombreux oiseaux trouveront sous ce <a href=\"https:\/\/www.france-serres.com\/blog\/culture\/le-paillage\">paillage<\/a> de quoi se nourrir pendant l\u2019hiver&nbsp;(insectes, cloportes, vers\u2026).<\/p>\n\n\n<div class=\"gb-grid-wrapper gb-grid-wrapper-6fbab2a4\">\n<div class=\"gb-grid-column gb-grid-column-b23c0ff0\"><div class=\"gb-container gb-container-b23c0ff0\"><div class=\"gb-inside-container\">\n<div class=\"wp-block-image\">\n<figure class=\"aligncenter size-full\"><img loading=\"lazy\" decoding=\"async\" width=\"700\" height=\"500\" src=\"https:\/\/www.france-serres.com\/blog\/wp-content\/uploads\/paillage-branches-pin.webp\" alt=\"Paillage en branches de pins en hiver\" class=\"wp-image-3369\" srcset=\"https:\/\/www.france-serres.com\/blog\/wp-content\/uploads\/paillage-branches-pin.webp 700w, https:\/\/www.france-serres.com\/blog\/wp-content\/uploads\/paillage-branches-pin-300x214.webp 300w\" sizes=\"auto, (max-width: 420px) 300px, (min-width: 421px) 768px, (min-width: 725px) 1024px\" \/><figcaption class=\"wp-element-caption\">Paillis de branches de pin<\/figcaption><\/figure><\/div>\n<\/div><\/div><\/div>\n\n<div class=\"gb-grid-column gb-grid-column-c7121875\"><div class=\"gb-container gb-container-c7121875\"><div class=\"gb-inside-container\">\n<div class=\"wp-block-image\">\n<figure class=\"aligncenter size-full\"><img loading=\"lazy\" decoding=\"async\" width=\"700\" height=\"500\" src=\"https:\/\/www.france-serres.com\/blog\/wp-content\/uploads\/paillage-froid-hiver.webp\" alt=\"Paillage \u00e9pais pour isoler un potager du froid\" class=\"wp-image-3370\" srcset=\"https:\/\/www.france-serres.com\/blog\/wp-content\/uploads\/paillage-froid-hiver.webp 700w, https:\/\/www.france-serres.com\/blog\/wp-content\/uploads\/paillage-froid-hiver-300x214.webp 300w\" sizes=\"auto, (max-width: 420px) 300px, (min-width: 421px) 768px, (min-width: 725px) 1024px\" \/><figcaption class=\"wp-element-caption\">Le paillage doit \u00eatre suffisamment \u00e9pais<\/figcaption><\/figure><\/div>\n<\/div><\/div><\/div>\n<\/div>\n\n\n<h2 class=\"gb-headline gb-headline-91eac588 gb-headline-text\" id=\"protections\">Voile d&rsquo;hivernage et autres protections contre le gel<\/h2>\n\n\n\n<p>Le mat\u00e9riau de la couverture hivernale importe assez peu, pourvu que celui-ci soit perm\u00e9able \u00e0 l\u2019air et laisse passer suffisamment de lumi\u00e8re pour les plantes (en dehors des vari\u00e9t\u00e9s caduques qui peuvent, elles, supporter l\u2019obscurit\u00e9).<\/p>\n\n\n\n<h3 class=\"gb-headline gb-headline-dfc2a20b gb-headline-text\">1) Voile d&rsquo;hivernage<\/h3>\n\n\n\n<p>Les voiles d\u2019hivernage destin\u00e9s \u00e0 l\u2019isolation des plantes sont constitu\u00e9s d&rsquo;une fibre synth\u00e9tique non tiss\u00e9e, g\u00e9n\u00e9ralement du polypropyl\u00e8ne. Ce type de protection offre l\u2019avantage d\u2019\u00eatre tr\u00e8s l\u00e9g\u00e8re, perm\u00e9able \u00e0 l&rsquo;eau comme \u00e0 l&rsquo;air et de laisser passer suffisamment de lumi\u00e8re contrairement aux fibres naturelles (<a href=\"#jute\">voir plus bas<\/a>).<\/p>\n\n\n\n<p>Les voiles d\u2019hivernage sont disponibles en rouleaux de diff\u00e9rentes \u00e9paisseurs correspondant \u00e0 divers degr\u00e9s de protection&nbsp;:<\/p>\n\n\n\n<ul class=\"wp-block-list\">\n<li>P30 (30g\/m\u00b2)&nbsp;: pour les hivers doux \u00e0 mod\u00e9r\u00e9s (environ 4\u00b0C de gagn\u00e9s)<\/li>\n\n\n\n<li>P60 (60g\/m\u00b2) pour les hivers rudes<\/li>\n\n\n\n<li>P90 (90g\/m\u00b2) pour les hivers tr\u00e8s froids \u00e0 extr\u00eames<\/li>\n<\/ul>\n\n\n\n<p>Les voiles P17 (17g\/m\u00b2) sont trop l\u00e9gers pour l\u2019hivernage et conviendront mieux comme voile de for\u00e7age. Ils permettront de gagner seulement 2\u00b0C environ.<\/p>\n\n\n\n<h4 class=\"gb-headline gb-headline-eaee3f1c gb-headline-text\">Comment installer le voile d\u2019hivernage<\/h4>\n\n\n\n<p>Un voile d\u2019hivernage peut \u00eatre coup\u00e9 sur mesure et pos\u00e9 directement \u00e0 plat pour prot\u00e9ger les cultures basses. Il est aussi tr\u00e8s facile \u00e0 d\u00e9rouler autour d&rsquo;un cadre tuteur constitu\u00e9 de piquets, de bambous ou de grillage et permet d\u2019envelopper enti\u00e8rement de gros arbustes.<\/p>\n\n\n<div class=\"gb-grid-wrapper gb-grid-wrapper-34b477fe\">\n<div class=\"gb-grid-column gb-grid-column-4502d87c\"><div class=\"gb-container gb-container-4502d87c\"><div class=\"gb-inside-container\">\n<div class=\"wp-block-image\">\n<figure class=\"aligncenter size-full\"><img loading=\"lazy\" decoding=\"async\" width=\"700\" height=\"500\" src=\"https:\/\/www.france-serres.com\/blog\/wp-content\/uploads\/voile-hivernage-plantes-basses.webp\" alt=\"Pose d'un voile d'hivernage \u00e0 plat\" class=\"wp-image-3353\" srcset=\"https:\/\/www.france-serres.com\/blog\/wp-content\/uploads\/voile-hivernage-plantes-basses.webp 700w, https:\/\/www.france-serres.com\/blog\/wp-content\/uploads\/voile-hivernage-plantes-basses-300x214.webp 300w\" sizes=\"auto, (max-width: 420px) 300px, (min-width: 421px) 768px, (min-width: 725px) 1024px\" \/><figcaption class=\"wp-element-caption\">Les voiles d&rsquo;hivernage pos\u00e9 \u00e0 plat devront \u00eatre solidement fix\u00e9s<\/figcaption><\/figure><\/div>\n<\/div><\/div><\/div>\n\n<div class=\"gb-grid-column gb-grid-column-186ee27b\"><div class=\"gb-container gb-container-186ee27b\"><div class=\"gb-inside-container\">\n<div class=\"wp-block-image\">\n<figure class=\"aligncenter size-full\"><img loading=\"lazy\" decoding=\"async\" width=\"700\" height=\"500\" src=\"https:\/\/www.france-serres.com\/blog\/wp-content\/uploads\/installation-voile-hivernage.webp\" alt=\"Installation d'un voile d'hivernage sur un rhododendron\" class=\"wp-image-3365\" srcset=\"https:\/\/www.france-serres.com\/blog\/wp-content\/uploads\/installation-voile-hivernage.webp 700w, https:\/\/www.france-serres.com\/blog\/wp-content\/uploads\/installation-voile-hivernage-300x214.webp 300w\" sizes=\"auto, (max-width: 420px) 300px, (min-width: 421px) 768px, (min-width: 725px) 1024px\" \/><figcaption class=\"wp-element-caption\">Pose d&rsquo;un voile d&rsquo;hivernage sur des tuteurs<\/figcaption><\/figure><\/div>\n<\/div><\/div><\/div>\n<\/div>\n\n<div class=\"wp-block-image\">\n<figure class=\"aligncenter size-full\"><img loading=\"lazy\" decoding=\"async\" width=\"500\" height=\"700\" src=\"https:\/\/www.france-serres.com\/blog\/wp-content\/uploads\/fixation-voile-hivernage.webp\" alt=\"Fixation d'un voile d'hivernage avec des pinces \u00e0 linge\" class=\"wp-image-3363\" srcset=\"https:\/\/www.france-serres.com\/blog\/wp-content\/uploads\/fixation-voile-hivernage.webp 500w, https:\/\/www.france-serres.com\/blog\/wp-content\/uploads\/fixation-voile-hivernage-214x300.webp 214w\" sizes=\"auto, (max-width: 420px) 300px, (min-width: 421px) 768px, (min-width: 725px) 1024px\" \/><figcaption class=\"wp-element-caption\">De simples pinces \u00e0 linge suffiront \u00e0 fixer un voile d&rsquo;hivernage<\/figcaption><\/figure><\/div>\n\n\n<blockquote class=\"wp-block-quote has-background is-layout-flow wp-block-quote-is-layout-flow\" style=\"background-color:#c5e8cc\">\n<p style=\"font-size:17px\"><strong>Bon \u00e0 savoir<\/strong>&nbsp;:<em>&nbsp;<\/em>Renforcez la protection des plantes les plus sensibles en bourrant d\u00e9licatement l\u2019espace restant \u00e0 l\u2019int\u00e9rieur avec des feuilles mortes ou de la paille. Attachez ensuite le voile d\u2019hivernage avec une ficelle suffisamment r\u00e9sistante aux coups de vent.<\/p>\n\n\n<div class=\"wp-block-image\">\n<figure class=\"aligncenter size-full\"><img loading=\"lazy\" decoding=\"async\" width=\"700\" height=\"500\" src=\"https:\/\/www.france-serres.com\/blog\/wp-content\/uploads\/isolation-gel-feuillage.webp\" alt=\"Isolation du gel avec des feuilles mortes\" class=\"wp-image-3367\" srcset=\"https:\/\/www.france-serres.com\/blog\/wp-content\/uploads\/isolation-gel-feuillage.webp 700w, https:\/\/www.france-serres.com\/blog\/wp-content\/uploads\/isolation-gel-feuillage-300x214.webp 300w\" sizes=\"auto, (max-width: 420px) 300px, (min-width: 421px) 768px, (min-width: 725px) 1024px\" \/><figcaption class=\"wp-element-caption\">Des feuilles mortes permettront d&rsquo;isoler davantage vos plantes du froid<\/figcaption><\/figure><\/div><\/blockquote>\n\n\n\n<h4 class=\"gb-headline gb-headline-7ffa044a gb-headline-text\">Quand poser le voile d&rsquo;hivernage&nbsp;?<\/h4>\n\n\n\n<p>Les voiles d\u2019hivernage se posent g\u00e9n\u00e9ralement au d\u00e9but de l\u2019automne (fin octobre \/ d\u00e9but novembre pour la moiti\u00e9 nord de la France) pour face aux baisses de temp\u00e9ratures pr\u00e9coces. Les <a href=\"https:\/\/www.meteoconsult.fr\/actualites-meteo\/2021-09-22\/60876-a-partir-de-quand-peut-on-avoir-les-premieres-gelees\" target=\"_blank\" rel=\"noreferrer noopener\">p<\/a><a href=\"https:\/\/www.meteoconsult.fr\/actualites-meteo\/2021-09-22\/60876-a-partir-de-quand-peut-on-avoir-les-premieres-gelees\">remi\u00e8res gel\u00e9es<\/a> de la saison surviennent g\u00e9n\u00e9ralement lors de nuits claires et sans vent, souvent en plaines et vall\u00e9es abrit\u00e9es d\u00e8s le d\u00e9but du mois d\u2019octobre dans les r\u00e9gions du nord-est.<\/p>\n\n\n<div class=\"gb-container gb-container-af3af759 conclusion\"><div class=\"gb-inside-container\">\n\n<h4 class=\"gb-headline gb-headline-e9133c0c gb-headline-text\"><strong>\u00c9vitez le contact entre le voile d&rsquo;hivernage et la plante<\/strong><\/h4>\n\n\n\n<p>Le plastique en contact avec vos plantes pourrait s&rsquo;av\u00e9rer pire que l&rsquo;absence de protection. Ce contact entre le voile et les feuilles cr\u00e9erait en effet une zone d&rsquo;humidit\u00e9 stagnante, qui entra\u00eenerait de graves dommages dus au gel. Veillez \u00e0 toujours conserver suffisamment d\u2019espace en vous aidant d&rsquo;une structure ou un cadre de support du voile d&rsquo;hivernage.<\/p>\n\n\n<div class=\"gb-container gb-container-b9fefe17\"><div class=\"gb-inside-container\">\n<div class=\"wp-block-image\">\n<figure class=\"aligncenter size-full\"><img loading=\"lazy\" decoding=\"async\" width=\"700\" height=\"500\" src=\"https:\/\/www.france-serres.com\/blog\/wp-content\/uploads\/protection-froid-rhododendrons.webp\" alt=\"Pose d'un voile d'hivernage sur un massif\" class=\"wp-image-3376\" srcset=\"https:\/\/www.france-serres.com\/blog\/wp-content\/uploads\/protection-froid-rhododendrons.webp 700w, https:\/\/www.france-serres.com\/blog\/wp-content\/uploads\/protection-froid-rhododendrons-300x214.webp 300w\" sizes=\"auto, (max-width: 420px) 300px, (min-width: 421px) 768px, (min-width: 725px) 1024px\" \/><figcaption class=\"wp-element-caption\">L&rsquo;utilisation d&rsquo;une structure de soutien permet d&rsquo;\u00e9viter que le voile d&rsquo;hivernage entre en contact avec le feuillage<\/figcaption><\/figure><\/div>\n<\/div><\/div>\n<\/div><\/div>\n\n\n<h4 class=\"gb-headline gb-headline-e25c69c0 gb-headline-text\">Quand enlever le voile d\u2019hivernage&nbsp;?<\/h4>\n\n\n\n<p>Savoir quand retirer les voiles d\u2019hivernage peut \u00eatre d\u00e9licat. Il s\u2019agit d\u2019\u00e9viter les coups de gel, tout en \u00e9vitant aussi que les plantes germent de fa\u00e7on anticip\u00e9e \u00e0 cause de la chaleur g\u00e9n\u00e9r\u00e9e sous la couverture. Exactement comme sous serre, vos voiles d\u2019hivernage pourraient faire se h\u00e2ter certains plants.<\/p>\n\n\n\n<p>Pour les plantes sensibles, le moment propice est lorsque les temp\u00e9ratures sont constamment d\u2019au moins 10\u00b0C en journ\u00e9e. Attention aux rosiers&nbsp;qui r\u00e9agissent de mani\u00e8re tr\u00e8s sensible aux rayons solaires soudains. Leurs protections hivernales ne doivent \u00eatre enlev\u00e9es que par temps nuageux.<\/p>\n\n\n\n<p>Vous devrez donc surveiller de pr\u00e8s le thermom\u00e8tre, en gardant \u00e0 l\u2019esprit que des gel\u00e9es nocturnes peuvent encore se produire jusqu&rsquo;aux <a href=\"https:\/\/www.france-serres.com\/blog\/culture\/saints-de-glace-comment-proteger-ses-cultures-des-gelees-tardives\">Saints des Glaces<\/a> en mai.<\/p>\n\n\n\n<blockquote class=\"wp-block-quote has-background is-layout-flow wp-block-quote-is-layout-flow\" style=\"background-color:#c5e8cc\">\n<p style=\"font-size:17px\"><strong>Bon \u00e0 savoir<\/strong>&nbsp;:<em>&nbsp;<\/em>Les forsythias sont les premiers arbustes \u00e0 fleurir \u00e0 la fin de l\u2019hiver. La floraison jaune de ce bel arbuste extr\u00eamement rustique est g\u00e9n\u00e9ralement un bon indicateur pour savoir quand retirer les protections hivernales.<\/p>\n\n\n<div class=\"wp-block-image\">\n<figure class=\"aligncenter size-full\"><img loading=\"lazy\" decoding=\"async\" width=\"700\" height=\"500\" src=\"https:\/\/www.france-serres.com\/blog\/wp-content\/uploads\/forsythia-hiver-froid.webp\" alt=\"Forsythia fleuri en hiver\" class=\"wp-image-3364\" srcset=\"https:\/\/www.france-serres.com\/blog\/wp-content\/uploads\/forsythia-hiver-froid.webp 700w, https:\/\/www.france-serres.com\/blog\/wp-content\/uploads\/forsythia-hiver-froid-300x214.webp 300w\" sizes=\"auto, (max-width: 420px) 300px, (min-width: 421px) 768px, (min-width: 725px) 1024px\" \/><figcaption class=\"wp-element-caption\">Le forsythia est le premier \u00e0 fleurir et indique quand retirer vos voiles d&rsquo;hivernage<\/figcaption><\/figure><\/div><\/blockquote>\n\n\n\n<h3 class=\"gb-headline gb-headline-55e51a10 gb-headline-text\" id=\"jute\">2) Toile de jute<\/h3>\n\n\n\n<p><a href=\"https:\/\/fr.wikipedia.org\/wiki\/Jute_(plante)\" target=\"_blank\" rel=\"noreferrer noopener\">L<\/a><a href=\"https:\/\/fr.wikipedia.org\/wiki\/Jute_(plante)\">e jute<\/a> est une fibre textile naturelle issue d\u2019une plante du m\u00eame nom, \u00e0 la fois solide, isolante, r\u00e9sistante et perm\u00e9able \u00e0 l\u2019air. En toile ou en sac, elle constitue une bonne protection hivernale pour les jeunes arbustes, les rosiers et les arbres.<\/p>\n\n\n\n<p>Pour l\u2019utiliser, il vous suffira d\u2019enrouler d\u00e9licatement la toile de jute autour de la plante. Il est aussi possible de cr\u00e9er comme des tipis avec de simples piquets, sur lesquels vous fixerez la toile \u00e0 l\u2019aide de ficelle.<\/p>\n\n\n\n<p>Attention toutefois&nbsp;: le jute est relativement lourd (environ 200g\/m\u00b2) et opaque, il ne doit donc \u00eatre utilis\u00e9 que sur des plantes robustes non persistantes.<\/p>\n\n\n<div class=\"gb-grid-wrapper gb-grid-wrapper-fb618a13\">\n<div class=\"gb-grid-column gb-grid-column-a7cecc40\"><div class=\"gb-container gb-container-a7cecc40\"><div class=\"gb-inside-container\">\n<div class=\"wp-block-image\">\n<figure class=\"aligncenter size-full\"><img loading=\"lazy\" decoding=\"async\" width=\"700\" height=\"500\" src=\"https:\/\/www.france-serres.com\/blog\/wp-content\/uploads\/toile-de-jute-hivernage.webp\" alt=\"Toile de jute d'hivernage\" class=\"wp-image-3386\" srcset=\"https:\/\/www.france-serres.com\/blog\/wp-content\/uploads\/toile-de-jute-hivernage.webp 700w, https:\/\/www.france-serres.com\/blog\/wp-content\/uploads\/toile-de-jute-hivernage-300x214.webp 300w\" sizes=\"auto, (max-width: 420px) 300px, (min-width: 421px) 768px, (min-width: 725px) 1024px\" \/><figcaption class=\"wp-element-caption\">Toile de jute<\/figcaption><\/figure><\/div>\n<\/div><\/div><\/div>\n\n<div class=\"gb-grid-column gb-grid-column-99985d31\"><div class=\"gb-container gb-container-99985d31\"><div class=\"gb-inside-container\">\n<div class=\"wp-block-image\">\n<figure class=\"aligncenter size-full\"><img loading=\"lazy\" decoding=\"async\" width=\"700\" height=\"500\" src=\"https:\/\/www.france-serres.com\/blog\/wp-content\/uploads\/toile-hivernage-jute.webp\" alt=\"Protection d'une plante contre le froid en jute\" class=\"wp-image-3385\" srcset=\"https:\/\/www.france-serres.com\/blog\/wp-content\/uploads\/toile-hivernage-jute.webp 700w, https:\/\/www.france-serres.com\/blog\/wp-content\/uploads\/toile-hivernage-jute-300x214.webp 300w\" sizes=\"auto, (max-width: 420px) 300px, (min-width: 421px) 768px, (min-width: 725px) 1024px\" \/><figcaption class=\"wp-element-caption\">Protection hivernale en toile de jute<\/figcaption><\/figure><\/div>\n<\/div><\/div><\/div>\n<\/div>\n\n\n<h3 class=\"gb-headline gb-headline-9c51ed27 gb-headline-text\">3) Fibre de coco<\/h3>\n\n\n\n<p>La fibre de coco est une alternative plus \u00e9cologique au jute avec lequel elle partage les m\u00eames avantages. En toile, elle peut \u00eatre utilis\u00e9e pour prot\u00e9ger des pots, des troncs d&rsquo;arbres, etc.<\/p>\n\n\n\n<p>Seul b\u00e9mol, les toiles en fibre de coco ne sont pas toujours compl\u00e8tement uniformes, v\u00e9rifiez l\u2019absence de d\u00e9chirures importantes lorsque vous les poser.<\/p>\n\n\n<div class=\"wp-block-image\">\n<figure class=\"aligncenter size-full\"><img loading=\"lazy\" decoding=\"async\" width=\"700\" height=\"500\" src=\"https:\/\/www.france-serres.com\/blog\/wp-content\/uploads\/fibre-de-coco-hiver.webp\" alt=\"Fibre de coco pour protection hivernale\" class=\"wp-image-3362\" srcset=\"https:\/\/www.france-serres.com\/blog\/wp-content\/uploads\/fibre-de-coco-hiver.webp 700w, https:\/\/www.france-serres.com\/blog\/wp-content\/uploads\/fibre-de-coco-hiver-300x214.webp 300w\" sizes=\"auto, (max-width: 420px) 300px, (min-width: 421px) 768px, (min-width: 725px) 1024px\" \/><figcaption class=\"wp-element-caption\">La fibre de coco est \u00e9cologique et biod\u00e9gradable, c&rsquo;est un bon mat\u00e9riau pour isoler vos plantes et pots du froid<\/figcaption><\/figure><\/div>\n\n\n<h3 class=\"gb-headline gb-headline-0ecbcca8 gb-headline-text\">4) Housse d&rsquo;hivernage<\/h3>\n\n\n<div class=\"gb-grid-wrapper gb-grid-wrapper-cdbf12ca\">\n<div class=\"gb-grid-column gb-grid-column-4174c260\"><div class=\"gb-container gb-container-4174c260\"><div class=\"gb-inside-container\">\n\n<p class=\"gb-headline gb-headline-2472c54a gb-headline-text\">Vous trouverez aussi des housses d&rsquo;hivernage, certes plus pratiques que les protections list\u00e9es pr\u00e9c\u00e9demment mais malheureusement plus ch\u00e8res et moins adaptables \u00e0 mesure que les plantes se d\u00e9veloppent. Leur principal avantage r\u00e9side dans le fait qu\u2019elles peuvent \u00eatre rapidement sorties et install\u00e9es en cas de brusque coup de gel. Ces protections conviennent bien aux plantes en pot et aux plantes de taille modeste.<\/p>\n\n<\/div><\/div><\/div>\n\n<div class=\"gb-grid-column gb-grid-column-d5034674\"><div class=\"gb-container gb-container-d5034674\"><div class=\"gb-inside-container\">\n\n<figure class=\"gb-block-image gb-block-image-26f6c340\"><img loading=\"lazy\" decoding=\"async\" width=\"700\" height=\"500\" class=\"gb-image gb-image-26f6c340\" src=\"https:\/\/www.france-serres.com\/blog\/wp-content\/uploads\/protection-rosier-gel-hiver.webp\" alt=\"Couverture d'un rosier au moyen d'une housse de protection\" title=\"Couverture d'un rosier au moyen d'une housse de protection\" srcset=\"https:\/\/www.france-serres.com\/blog\/wp-content\/uploads\/protection-rosier-gel-hiver.webp 700w, https:\/\/www.france-serres.com\/blog\/wp-content\/uploads\/protection-rosier-gel-hiver-300x214.webp 300w\" sizes=\"auto, (max-width: 420px) 300px, (min-width: 421px) 768px, (min-width: 725px) 1024px\" \/>\n<figcaption class=\"gb-headline gb-headline-411ef5a1 gb-headline-text\">Les housses d&rsquo;hivernage sont rapides et pratiques \u00e0 poser<\/figcaption>\n<\/figure>\n\n<\/div><\/div><\/div>\n<\/div>\n\n\n<h3 class=\"gb-headline gb-headline-3a69ee76 gb-headline-text\">5) Serre de jardin<\/h3>\n\n\n\n<p>Il existe diff\u00e9rents types de serres de jardin (lire notre page \u00ab\u00a0<a href=\"https:\/\/www.france-serres.com\/content\/16-quelle-serre-choisir-pour-mon-jardin\">Quelle serre de jardin choisir<\/a>\u00a0\u00bb pour plus d&rsquo;informations). Les serres dites chaudes sont chauff\u00e9es artificiellement, tandis que les serres froides sont d\u00e9pourvues de chauffage et d\u00e9pendent uniquement des rayons du soleil. Vous en trouverez de diff\u00e9rents types dans notre <a href=\"https:\/\/www.france-serres.com\/\">boutique France Serres<\/a>&nbsp;:<\/p>\n\n\n\n<ul class=\"wp-block-list\">\n<li><a href=\"https:\/\/www.france-serres.com\/5-serres-polycarbonate\"><strong>Serre en polycarbonate<\/strong><\/a>&nbsp;: Moins ch\u00e8res que les serres en verre, elles offrent une bonne isolation thermique et une protection contre le froid gr\u00e2ce \u00e0 leurs parois en polycarbonate alv\u00e9olaire. Le polycarbonate est solide et r\u00e9sistant aux chocs.<\/li>\n\n\n\n<li><a href=\"https:\/\/www.france-serres.com\/6-serres-tunnel\"><strong>Serre tunnel<\/strong><\/a>&nbsp;: Ces structures l\u00e9g\u00e8res sont plus simples et moins ch\u00e8res. Elles sont en poly\u00e9thyl\u00e8ne et offrent une protection limit\u00e9e contre le froid mais suffisante pour faire face au gel. Leur isolation peut \u00eatre augment\u00e9e \u00e0 l&rsquo;aide de papier bulle et d&rsquo;astuces simples (lire notre article sur les <a href=\"https:\/\/www.france-serres.com\/blog\/culture\/serre-bioclimatique\">serres bioclimatiques<\/a>).<\/li>\n<\/ul>\n\n\n\n<p>Quel que soit le mod\u00e8le que vous choisirez, une serre de jardin est un abri lumineux qui offre un environnement contr\u00f4l\u00e9 et constitue un excellent compl\u00e9ment aux protections hivernales. Vous pourrez y entreposer certaines plantes en pot prot\u00e9g\u00e9es par des voiles d&rsquo;hivernage, y faire pousser des l\u00e9gumes d&rsquo;hiver et vos herbes aromatiques.<\/p>\n\n\n<div class=\"gb-container gb-container-774b80e1 warning\"><div class=\"gb-inside-container\">\n\n<h3 class=\"gb-headline gb-headline-1c4a425c gb-headline-text\">Lire aussi<\/h3>\n\n\n\n<div class=\"wp-block-query is-layout-flow wp-block-query-is-layout-flow\"><ul class=\"wp-block-post-template is-layout-flow wp-block-post-template-is-layout-flow\"><li class=\"wp-block-post post-659 post type-post status-publish format-standard has-post-thumbnail hentry category-astuces tag-15 generate-columns tablet-grid-50 mobile-grid-100 grid-parent grid-33 no-featured-image-padding\">\n<div class=\"gb-grid-wrapper gb-grid-wrapper-d530089b latest-posts-sidebar other_post_img\">\n<div class=\"gb-grid-column gb-grid-column-c73ebbc7\"><div class=\"gb-container gb-container-c73ebbc7 col01\"><div class=\"gb-inside-container\">\n<figure style=\"width:100px;height:100px;\" class=\"wp-block-post-featured-image\"><a href=\"https:\/\/www.france-serres.com\/blog\/astuces\/comment-chauffer-sa-serre-en-hiver-culture-sous-serre\" target=\"_self\"  style=\"height:100px\"><img loading=\"lazy\" decoding=\"async\" width=\"150\" height=\"150\" src=\"https:\/\/www.france-serres.com\/blog\/wp-content\/uploads\/chauffer-serre-en-hiver-150x150.webp\" class=\"attachment-thumbnail size-thumbnail wp-post-image\" alt=\"Comment chauffer sa serre en hiver&nbsp;?\" style=\"height:100px;object-fit:contain;\" \/><\/a><\/figure>\n<\/div><\/div><\/div>\n\n<div class=\"gb-grid-column gb-grid-column-62bdc339\"><div class=\"gb-container gb-container-62bdc339\"><div class=\"gb-inside-container\">\n<h6 style=\"font-size:17px;font-style:normal;font-weight:600;\" class=\"wp-block-post-title\"><a href=\"https:\/\/www.france-serres.com\/blog\/astuces\/comment-chauffer-sa-serre-en-hiver-culture-sous-serre\" target=\"_self\" >Comment chauffer sa serre en hiver&nbsp;?<\/a><\/h6>\n<\/div><\/div><\/div>\n<\/div>\n<\/li><\/ul><\/div>\n\n<\/div><\/div>\n\n<div class=\"gb-container gb-container-79b1f52d warning\"><div class=\"gb-inside-container\">\n\n<h3 class=\"gb-headline gb-headline-3bfb8eb1 gb-headline-text\" id=\"faq\">Questions fr\u00e9quentes<\/h3>\n\n\n<div class=\"gb-container gb-container-9c249d3e\"><div class=\"gb-inside-container\">\n\n<div class=\"schema-faq wp-block-yoast-faq-block\"><div class=\"schema-faq-section\" id=\"faq-question-1662108523047\"><strong class=\"schema-faq-question\">Comment redonner vie \u00e0 une plante gel\u00e9e&nbsp;?<\/strong> <p class=\"schema-faq-answer\">Une fois le froid pass\u00e9, un arrosage doux est bien souvent le meilleur moyen d\u2019aider une plante \u00e0 se r\u00e9tablir du gel. Cela permettra de la r\u00e9hydrater en douceur sans la stresser.<br\/>\u00c9vitez surtout toute fertilisation qui pourrait stimuler la croissance chez une plante affaiblie ou endommag\u00e9e par le gel. Celle-ci pourrait s\u2019affaiblir davantage et mourir.<\/p> <\/div> <div class=\"schema-faq-section\" id=\"faq-question-1662108541285\"><strong class=\"schema-faq-question\">Puis-je utiliser des sacs poubelles noirs pour prot\u00e9ger les plantes du froid&nbsp;?<\/strong> <p class=\"schema-faq-answer\">Comme indiqu\u00e9 plus haut dans l\u2019article, une protection hivernale doit laisser l\u2019air circuler. Un sac poubelle bloquerait tout a\u00e9ration, il y a aussi de fortes chances pour que le plastique entre en contact avec les feuilles et augmente les dommages par le gel.<\/p> <\/div> <div class=\"schema-faq-section\" id=\"faq-question-1701870873696\"><strong class=\"schema-faq-question\">Faut-il fertiliser les plantes l\u2019hiver&nbsp;?<\/strong> <p class=\"schema-faq-answer\">Il est conseill\u00e9 d\u2019arr\u00eater les apports en engrais fin juillet ou au plus tard fin ao\u00fbt, afin que les plantes aient suffisamment de temps pour se pr\u00e9parer \u00e0 l&rsquo;hiver. Il existe toutefois des \u00ab\u00a0engrais d&rsquo;automne\u00a0\u00bb, plus riches en potassium et all\u00e9g\u00e9s en azote, qui sont destin\u00e9s \u00e0 renforcer les plantes et \u00e0 les pr\u00e9parer \u00e0 faire face aux temp\u00e9ratures n\u00e9gatives.<\/p> <\/div> <\/div>\n\n<\/div><\/div>\n<\/div><\/div>","protected":false},"excerpt":{"rendered":"<p>L\u2019arriv\u00e9e de l\u2019hiver questionne chaque ann\u00e9e les jardiniers : de quelle protection hivernale les plantes ont-elles besoin ? Voile d\u2019hivernage, &#8230; <a title=\"Voile d&rsquo;hivernage et autres astuces pour prot\u00e9ger les plantes du gel\" class=\"read-more\" href=\"https:\/\/www.france-serres.com\/blog\/astuces\/conseils-voile-hivernage\" aria-label=\"Read more about Voile d&rsquo;hivernage et autres astuces pour prot\u00e9ger les plantes du gel\">Lire plus<\/a><\/p>\n","protected":false},"author":3,"featured_media":3383,"comment_status":"open","ping_status":"open","sticky":false,"template":"","format":"standard","meta":{"_themeisle_gutenberg_block_has_review":false,"footnotes":""},"categories":[6],"tags":[123],"class_list":["post-3384","post","type-post","status-publish","format-standard","has-post-thumbnail","hentry","category-astuces","tag-123","generate-columns","tablet-grid-50","mobile-grid-100","grid-parent","grid-33","no-featured-image-padding"],"yoast_head":"<!-- This site is optimized with the Yoast SEO plugin v26.8 - https:\/\/yoast.com\/product\/yoast-seo-wordpress\/ -->\n<title>Voile d&#039;hivernage et autres astuces pour prot\u00e9ger les plantes du gel - France Serres<\/title>\n<meta name=\"description\" content=\"Voile d\u2019hivernage, r\u00e9sistance des plantes au froid\u2026 comment passer l\u2019hiver sans dommage dans le potager ? Nos conseils pour augmenter les chances de survie des plantes g\u00e9lives.\" \/>\n<meta name=\"robots\" content=\"index, follow, max-snippet:-1, max-image-preview:large, max-video-preview:-1\" \/>\n<link rel=\"canonical\" href=\"https:\/\/www.france-serres.com\/blog\/astuces\/conseils-voile-hivernage\" \/>\n<meta property=\"og:locale\" content=\"fr_FR\" \/>\n<meta property=\"og:type\" content=\"article\" \/>\n<meta property=\"og:title\" content=\"Voile d&#039;hivernage et autres astuces pour prot\u00e9ger les plantes du gel - France Serres\" \/>\n<meta property=\"og:description\" content=\"Voile d\u2019hivernage, r\u00e9sistance des plantes au froid\u2026 comment passer l\u2019hiver sans dommage dans le potager ? Nos conseils pour augmenter les chances de survie des plantes g\u00e9lives.\" \/>\n<meta property=\"og:url\" content=\"https:\/\/www.france-serres.com\/blog\/astuces\/conseils-voile-hivernage\" \/>\n<meta property=\"og:site_name\" content=\"France Serres\" \/>\n<meta property=\"article:publisher\" content=\"https:\/\/www.facebook.com\/FrSerres\/\" \/>\n<meta property=\"article:published_time\" content=\"2023-12-06T15:08:05+00:00\" \/>\n<meta property=\"article:modified_time\" content=\"2024-10-07T09:40:49+00:00\" \/>\n<meta property=\"og:image\" content=\"https:\/\/www.france-serres.com\/blog\/wp-content\/uploads\/voile-d-hivernage-conseils.webp\" \/>\n\t<meta property=\"og:image:width\" content=\"1200\" \/>\n\t<meta property=\"og:image:height\" content=\"800\" \/>\n\t<meta property=\"og:image:type\" content=\"image\/webp\" \/>\n<meta name=\"author\" content=\"Antoine de France Serres\" \/>\n<script type=\"application\/ld+json\" class=\"yoast-schema-graph\">{\"@context\":\"https:\/\/schema.org\",\"@graph\":[{\"@type\":\"Article\",\"@id\":\"https:\/\/www.france-serres.com\/blog\/astuces\/conseils-voile-hivernage#article\",\"isPartOf\":{\"@id\":\"https:\/\/www.france-serres.com\/blog\/astuces\/conseils-voile-hivernage\"},\"author\":{\"name\":\"Antoine de France Serres\",\"@id\":\"https:\/\/www.france-serres.com\/blog\/#\/schema\/person\/03c47c279180d6a32007c732b54fb4b1\"},\"headline\":\"Voile d&rsquo;hivernage et autres astuces pour prot\u00e9ger les plantes du gel\",\"datePublished\":\"2023-12-06T15:08:05+00:00\",\"dateModified\":\"2024-10-07T09:40:49+00:00\",\"mainEntityOfPage\":{\"@id\":\"https:\/\/www.france-serres.com\/blog\/astuces\/conseils-voile-hivernage\"},\"wordCount\":3447,\"commentCount\":1,\"publisher\":{\"@id\":\"https:\/\/www.france-serres.com\/blog\/#organization\"},\"image\":{\"@id\":\"https:\/\/www.france-serres.com\/blog\/astuces\/conseils-voile-hivernage#primaryimage\"},\"thumbnailUrl\":\"https:\/\/www.france-serres.com\/blog\/wp-content\/uploads\/voile-d-hivernage-conseils.webp\",\"keywords\":[\"109\"],\"articleSection\":[\"Astuces\"],\"inLanguage\":\"fr-FR\",\"potentialAction\":[{\"@type\":\"CommentAction\",\"name\":\"Comment\",\"target\":[\"https:\/\/www.france-serres.com\/blog\/astuces\/conseils-voile-hivernage#respond\"]}]},{\"@type\":[\"WebPage\",\"FAQPage\"],\"@id\":\"https:\/\/www.france-serres.com\/blog\/astuces\/conseils-voile-hivernage\",\"url\":\"https:\/\/www.france-serres.com\/blog\/astuces\/conseils-voile-hivernage\",\"name\":\"Voile d'hivernage et autres astuces pour prot\u00e9ger les plantes du gel - France Serres\",\"isPartOf\":{\"@id\":\"https:\/\/www.france-serres.com\/blog\/#website\"},\"primaryImageOfPage\":{\"@id\":\"https:\/\/www.france-serres.com\/blog\/astuces\/conseils-voile-hivernage#primaryimage\"},\"image\":{\"@id\":\"https:\/\/www.france-serres.com\/blog\/astuces\/conseils-voile-hivernage#primaryimage\"},\"thumbnailUrl\":\"https:\/\/www.france-serres.com\/blog\/wp-content\/uploads\/voile-d-hivernage-conseils.webp\",\"datePublished\":\"2023-12-06T15:08:05+00:00\",\"dateModified\":\"2024-10-07T09:40:49+00:00\",\"description\":\"Voile d\u2019hivernage, r\u00e9sistance des plantes au froid\u2026 comment passer l\u2019hiver sans dommage dans le potager ? Nos conseils pour augmenter les chances de survie des plantes g\u00e9lives.\",\"breadcrumb\":{\"@id\":\"https:\/\/www.france-serres.com\/blog\/astuces\/conseils-voile-hivernage#breadcrumb\"},\"mainEntity\":[{\"@id\":\"https:\/\/www.france-serres.com\/blog\/astuces\/conseils-voile-hivernage#faq-question-1662108523047\"},{\"@id\":\"https:\/\/www.france-serres.com\/blog\/astuces\/conseils-voile-hivernage#faq-question-1662108541285\"},{\"@id\":\"https:\/\/www.france-serres.com\/blog\/astuces\/conseils-voile-hivernage#faq-question-1701870873696\"}],\"inLanguage\":\"fr-FR\",\"potentialAction\":[{\"@type\":\"ReadAction\",\"target\":[\"https:\/\/www.france-serres.com\/blog\/astuces\/conseils-voile-hivernage\"]}]},{\"@type\":\"ImageObject\",\"inLanguage\":\"fr-FR\",\"@id\":\"https:\/\/www.france-serres.com\/blog\/astuces\/conseils-voile-hivernage#primaryimage\",\"url\":\"https:\/\/www.france-serres.com\/blog\/wp-content\/uploads\/voile-d-hivernage-conseils.webp\",\"contentUrl\":\"https:\/\/www.france-serres.com\/blog\/wp-content\/uploads\/voile-d-hivernage-conseils.webp\",\"width\":1200,\"height\":800,\"caption\":\"Conseils sur le voile d'hivernage et la protection contre le froid\"},{\"@type\":\"BreadcrumbList\",\"@id\":\"https:\/\/www.france-serres.com\/blog\/astuces\/conseils-voile-hivernage#breadcrumb\",\"itemListElement\":[{\"@type\":\"ListItem\",\"position\":1,\"name\":\"Conseils\",\"item\":\"https:\/\/www.france-serres.com\/blog\"},{\"@type\":\"ListItem\",\"position\":2,\"name\":\"Astuces\",\"item\":\"https:\/\/www.france-serres.com\/blog\/astuces\"},{\"@type\":\"ListItem\",\"position\":3,\"name\":\"Voile d&rsquo;hivernage et autres astuces pour prot\u00e9ger les plantes du gel\"}]},{\"@type\":\"WebSite\",\"@id\":\"https:\/\/www.france-serres.com\/blog\/#website\",\"url\":\"https:\/\/www.france-serres.com\/blog\/\",\"name\":\"France Serres\",\"description\":\"\",\"publisher\":{\"@id\":\"https:\/\/www.france-serres.com\/blog\/#organization\"},\"potentialAction\":[{\"@type\":\"SearchAction\",\"target\":{\"@type\":\"EntryPoint\",\"urlTemplate\":\"https:\/\/www.france-serres.com\/blog\/?s={search_term_string}\"},\"query-input\":{\"@type\":\"PropertyValueSpecification\",\"valueRequired\":true,\"valueName\":\"search_term_string\"}}],\"inLanguage\":\"fr-FR\"},{\"@type\":\"Organization\",\"@id\":\"https:\/\/www.france-serres.com\/blog\/#organization\",\"name\":\"France Serres\",\"url\":\"https:\/\/www.france-serres.com\/blog\/\",\"logo\":{\"@type\":\"ImageObject\",\"inLanguage\":\"fr-FR\",\"@id\":\"https:\/\/www.france-serres.com\/blog\/#\/schema\/logo\/image\/\",\"url\":\"https:\/\/www.france-serres.com\/blog\/wp-content\/uploads\/logo-min.svg\",\"contentUrl\":\"https:\/\/www.france-serres.com\/blog\/wp-content\/uploads\/logo-min.svg\",\"width\":1887,\"height\":780,\"caption\":\"France Serres\"},\"image\":{\"@id\":\"https:\/\/www.france-serres.com\/blog\/#\/schema\/logo\/image\/\"},\"sameAs\":[\"https:\/\/www.facebook.com\/FrSerres\/\",\"https:\/\/www.instagram.com\/insta_france_serres\/\",\"https:\/\/www.pinterest.fr\/FranceSerres\/\",\"https:\/\/www.youtube.com\/@france-serres\",\"https:\/\/www.linkedin.com\/company\/france-serres-france-diffusion\"]},{\"@type\":\"Person\",\"@id\":\"https:\/\/www.france-serres.com\/blog\/#\/schema\/person\/03c47c279180d6a32007c732b54fb4b1\",\"name\":\"Antoine de France Serres\",\"image\":{\"@type\":\"ImageObject\",\"inLanguage\":\"fr-FR\",\"@id\":\"https:\/\/www.france-serres.com\/blog\/#\/schema\/person\/image\/\",\"url\":\"https:\/\/www.france-serres.com\/blog\/wp-content\/uploads\/auteur-antoine-96x96.webp\",\"contentUrl\":\"https:\/\/www.france-serres.com\/blog\/wp-content\/uploads\/auteur-antoine-96x96.webp\",\"caption\":\"Antoine de France Serres\"},\"description\":\"R\u00e9dacteur pour France Serres, je me passionne pour le jardinage et les sujets en lien avec l'\u00e9cologie et la culture raisonn\u00e9e.\"},{\"@type\":\"Question\",\"@id\":\"https:\/\/www.france-serres.com\/blog\/astuces\/conseils-voile-hivernage#faq-question-1662108523047\",\"position\":1,\"url\":\"https:\/\/www.france-serres.com\/blog\/astuces\/conseils-voile-hivernage#faq-question-1662108523047\",\"name\":\"Comment redonner vie \u00e0 une plante gel\u00e9e ?\",\"answerCount\":1,\"acceptedAnswer\":{\"@type\":\"Answer\",\"text\":\"Une fois le froid pass\u00e9, un arrosage doux est bien souvent le meilleur moyen d\u2019aider une plante \u00e0 se r\u00e9tablir du gel. Cela permettra de la r\u00e9hydrater en douceur sans la stresser.<br\/>\u00c9vitez surtout toute fertilisation qui pourrait stimuler la croissance chez une plante affaiblie ou endommag\u00e9e par le gel. Celle-ci pourrait s\u2019affaiblir davantage et mourir.\",\"inLanguage\":\"fr-FR\"},\"inLanguage\":\"fr-FR\"},{\"@type\":\"Question\",\"@id\":\"https:\/\/www.france-serres.com\/blog\/astuces\/conseils-voile-hivernage#faq-question-1662108541285\",\"position\":2,\"url\":\"https:\/\/www.france-serres.com\/blog\/astuces\/conseils-voile-hivernage#faq-question-1662108541285\",\"name\":\"Puis-je utiliser des sacs poubelles noirs pour prot\u00e9ger les plantes du froid ?\",\"answerCount\":1,\"acceptedAnswer\":{\"@type\":\"Answer\",\"text\":\"Comme indiqu\u00e9 plus haut dans l\u2019article, une protection hivernale doit laisser l\u2019air circuler. Un sac poubelle bloquerait tout a\u00e9ration, il y a aussi de fortes chances pour que le plastique entre en contact avec les feuilles et augmente les dommages par le gel.\",\"inLanguage\":\"fr-FR\"},\"inLanguage\":\"fr-FR\"},{\"@type\":\"Question\",\"@id\":\"https:\/\/www.france-serres.com\/blog\/astuces\/conseils-voile-hivernage#faq-question-1701870873696\",\"position\":3,\"url\":\"https:\/\/www.france-serres.com\/blog\/astuces\/conseils-voile-hivernage#faq-question-1701870873696\",\"name\":\"Faut-il fertiliser les plantes l\u2019hiver ?\",\"answerCount\":1,\"acceptedAnswer\":{\"@type\":\"Answer\",\"text\":\"Il est conseill\u00e9 d\u2019arr\u00eater les apports en engrais fin juillet ou au plus tard fin ao\u00fbt, afin que les plantes aient suffisamment de temps pour se pr\u00e9parer \u00e0 l'hiver. Il existe toutefois des \u00ab\u00a0engrais d'automne\u00a0\u00bb, plus riches en potassium et all\u00e9g\u00e9s en azote, qui sont destin\u00e9s \u00e0 renforcer les plantes et \u00e0 les pr\u00e9parer \u00e0 faire face aux temp\u00e9ratures n\u00e9gatives.\",\"inLanguage\":\"fr-FR\"},\"inLanguage\":\"fr-FR\"}]}<\/script>\n<!-- \/ Yoast SEO plugin. -->","yoast_head_json":{"title":"Voile d'hivernage et autres astuces pour prot\u00e9ger les plantes du gel - France Serres","description":"Voile d\u2019hivernage, r\u00e9sistance des plantes au froid\u2026 comment passer l\u2019hiver sans dommage dans le potager ? Nos conseils pour augmenter les chances de survie des plantes g\u00e9lives.","robots":{"index":"index","follow":"follow","max-snippet":"max-snippet:-1","max-image-preview":"max-image-preview:large","max-video-preview":"max-video-preview:-1"},"canonical":"https:\/\/www.france-serres.com\/blog\/astuces\/conseils-voile-hivernage","og_locale":"fr_FR","og_type":"article","og_title":"Voile d'hivernage et autres astuces pour prot\u00e9ger les plantes du gel - France Serres","og_description":"Voile d\u2019hivernage, r\u00e9sistance des plantes au froid\u2026 comment passer l\u2019hiver sans dommage dans le potager ? Nos conseils pour augmenter les chances de survie des plantes g\u00e9lives.","og_url":"https:\/\/www.france-serres.com\/blog\/astuces\/conseils-voile-hivernage","og_site_name":"France Serres","article_publisher":"https:\/\/www.facebook.com\/FrSerres\/","article_published_time":"2023-12-06T15:08:05+00:00","article_modified_time":"2024-10-07T09:40:49+00:00","og_image":[{"width":1200,"height":800,"url":"https:\/\/www.france-serres.com\/blog\/wp-content\/uploads\/voile-d-hivernage-conseils.webp","type":"image\/webp"}],"author":"Antoine de France Serres","schema":{"@context":"https:\/\/schema.org","@graph":[{"@type":"Article","@id":"https:\/\/www.france-serres.com\/blog\/astuces\/conseils-voile-hivernage#article","isPartOf":{"@id":"https:\/\/www.france-serres.com\/blog\/astuces\/conseils-voile-hivernage"},"author":{"name":"Antoine de France Serres","@id":"https:\/\/www.france-serres.com\/blog\/#\/schema\/person\/03c47c279180d6a32007c732b54fb4b1"},"headline":"Voile d&rsquo;hivernage et autres astuces pour prot\u00e9ger les plantes du gel","datePublished":"2023-12-06T15:08:05+00:00","dateModified":"2024-10-07T09:40:49+00:00","mainEntityOfPage":{"@id":"https:\/\/www.france-serres.com\/blog\/astuces\/conseils-voile-hivernage"},"wordCount":3447,"commentCount":1,"publisher":{"@id":"https:\/\/www.france-serres.com\/blog\/#organization"},"image":{"@id":"https:\/\/www.france-serres.com\/blog\/astuces\/conseils-voile-hivernage#primaryimage"},"thumbnailUrl":"https:\/\/www.france-serres.com\/blog\/wp-content\/uploads\/voile-d-hivernage-conseils.webp","keywords":["109"],"articleSection":["Astuces"],"inLanguage":"fr-FR","potentialAction":[{"@type":"CommentAction","name":"Comment","target":["https:\/\/www.france-serres.com\/blog\/astuces\/conseils-voile-hivernage#respond"]}]},{"@type":["WebPage","FAQPage"],"@id":"https:\/\/www.france-serres.com\/blog\/astuces\/conseils-voile-hivernage","url":"https:\/\/www.france-serres.com\/blog\/astuces\/conseils-voile-hivernage","name":"Voile d'hivernage et autres astuces pour prot\u00e9ger les plantes du gel - France Serres","isPartOf":{"@id":"https:\/\/www.france-serres.com\/blog\/#website"},"primaryImageOfPage":{"@id":"https:\/\/www.france-serres.com\/blog\/astuces\/conseils-voile-hivernage#primaryimage"},"image":{"@id":"https:\/\/www.france-serres.com\/blog\/astuces\/conseils-voile-hivernage#primaryimage"},"thumbnailUrl":"https:\/\/www.france-serres.com\/blog\/wp-content\/uploads\/voile-d-hivernage-conseils.webp","datePublished":"2023-12-06T15:08:05+00:00","dateModified":"2024-10-07T09:40:49+00:00","description":"Voile d\u2019hivernage, r\u00e9sistance des plantes au froid\u2026 comment passer l\u2019hiver sans dommage dans le potager ? Nos conseils pour augmenter les chances de survie des plantes g\u00e9lives.","breadcrumb":{"@id":"https:\/\/www.france-serres.com\/blog\/astuces\/conseils-voile-hivernage#breadcrumb"},"mainEntity":[{"@id":"https:\/\/www.france-serres.com\/blog\/astuces\/conseils-voile-hivernage#faq-question-1662108523047"},{"@id":"https:\/\/www.france-serres.com\/blog\/astuces\/conseils-voile-hivernage#faq-question-1662108541285"},{"@id":"https:\/\/www.france-serres.com\/blog\/astuces\/conseils-voile-hivernage#faq-question-1701870873696"}],"inLanguage":"fr-FR","potentialAction":[{"@type":"ReadAction","target":["https:\/\/www.france-serres.com\/blog\/astuces\/conseils-voile-hivernage"]}]},{"@type":"ImageObject","inLanguage":"fr-FR","@id":"https:\/\/www.france-serres.com\/blog\/astuces\/conseils-voile-hivernage#primaryimage","url":"https:\/\/www.france-serres.com\/blog\/wp-content\/uploads\/voile-d-hivernage-conseils.webp","contentUrl":"https:\/\/www.france-serres.com\/blog\/wp-content\/uploads\/voile-d-hivernage-conseils.webp","width":1200,"height":800,"caption":"Conseils sur le voile d'hivernage et la protection contre le froid"},{"@type":"BreadcrumbList","@id":"https:\/\/www.france-serres.com\/blog\/astuces\/conseils-voile-hivernage#breadcrumb","itemListElement":[{"@type":"ListItem","position":1,"name":"Conseils","item":"https:\/\/www.france-serres.com\/blog"},{"@type":"ListItem","position":2,"name":"Astuces","item":"https:\/\/www.france-serres.com\/blog\/astuces"},{"@type":"ListItem","position":3,"name":"Voile d&rsquo;hivernage et autres astuces pour prot\u00e9ger les plantes du gel"}]},{"@type":"WebSite","@id":"https:\/\/www.france-serres.com\/blog\/#website","url":"https:\/\/www.france-serres.com\/blog\/","name":"France Serres","description":"","publisher":{"@id":"https:\/\/www.france-serres.com\/blog\/#organization"},"potentialAction":[{"@type":"SearchAction","target":{"@type":"EntryPoint","urlTemplate":"https:\/\/www.france-serres.com\/blog\/?s={search_term_string}"},"query-input":{"@type":"PropertyValueSpecification","valueRequired":true,"valueName":"search_term_string"}}],"inLanguage":"fr-FR"},{"@type":"Organization","@id":"https:\/\/www.france-serres.com\/blog\/#organization","name":"France Serres","url":"https:\/\/www.france-serres.com\/blog\/","logo":{"@type":"ImageObject","inLanguage":"fr-FR","@id":"https:\/\/www.france-serres.com\/blog\/#\/schema\/logo\/image\/","url":"https:\/\/www.france-serres.com\/blog\/wp-content\/uploads\/logo-min.svg","contentUrl":"https:\/\/www.france-serres.com\/blog\/wp-content\/uploads\/logo-min.svg","width":1887,"height":780,"caption":"France Serres"},"image":{"@id":"https:\/\/www.france-serres.com\/blog\/#\/schema\/logo\/image\/"},"sameAs":["https:\/\/www.facebook.com\/FrSerres\/","https:\/\/www.instagram.com\/insta_france_serres\/","https:\/\/www.pinterest.fr\/FranceSerres\/","https:\/\/www.youtube.com\/@france-serres","https:\/\/www.linkedin.com\/company\/france-serres-france-diffusion"]},{"@type":"Person","@id":"https:\/\/www.france-serres.com\/blog\/#\/schema\/person\/03c47c279180d6a32007c732b54fb4b1","name":"Antoine de France Serres","image":{"@type":"ImageObject","inLanguage":"fr-FR","@id":"https:\/\/www.france-serres.com\/blog\/#\/schema\/person\/image\/","url":"https:\/\/www.france-serres.com\/blog\/wp-content\/uploads\/auteur-antoine-96x96.webp","contentUrl":"https:\/\/www.france-serres.com\/blog\/wp-content\/uploads\/auteur-antoine-96x96.webp","caption":"Antoine de France Serres"},"description":"R\u00e9dacteur pour France Serres, je me passionne pour le jardinage et les sujets en lien avec l'\u00e9cologie et la culture raisonn\u00e9e."},{"@type":"Question","@id":"https:\/\/www.france-serres.com\/blog\/astuces\/conseils-voile-hivernage#faq-question-1662108523047","position":1,"url":"https:\/\/www.france-serres.com\/blog\/astuces\/conseils-voile-hivernage#faq-question-1662108523047","name":"Comment redonner vie \u00e0 une plante gel\u00e9e ?","answerCount":1,"acceptedAnswer":{"@type":"Answer","text":"Une fois le froid pass\u00e9, un arrosage doux est bien souvent le meilleur moyen d\u2019aider une plante \u00e0 se r\u00e9tablir du gel. Cela permettra de la r\u00e9hydrater en douceur sans la stresser.<br\/>\u00c9vitez surtout toute fertilisation qui pourrait stimuler la croissance chez une plante affaiblie ou endommag\u00e9e par le gel. Celle-ci pourrait s\u2019affaiblir davantage et mourir.","inLanguage":"fr-FR"},"inLanguage":"fr-FR"},{"@type":"Question","@id":"https:\/\/www.france-serres.com\/blog\/astuces\/conseils-voile-hivernage#faq-question-1662108541285","position":2,"url":"https:\/\/www.france-serres.com\/blog\/astuces\/conseils-voile-hivernage#faq-question-1662108541285","name":"Puis-je utiliser des sacs poubelles noirs pour prot\u00e9ger les plantes du froid ?","answerCount":1,"acceptedAnswer":{"@type":"Answer","text":"Comme indiqu\u00e9 plus haut dans l\u2019article, une protection hivernale doit laisser l\u2019air circuler. Un sac poubelle bloquerait tout a\u00e9ration, il y a aussi de fortes chances pour que le plastique entre en contact avec les feuilles et augmente les dommages par le gel.","inLanguage":"fr-FR"},"inLanguage":"fr-FR"},{"@type":"Question","@id":"https:\/\/www.france-serres.com\/blog\/astuces\/conseils-voile-hivernage#faq-question-1701870873696","position":3,"url":"https:\/\/www.france-serres.com\/blog\/astuces\/conseils-voile-hivernage#faq-question-1701870873696","name":"Faut-il fertiliser les plantes l\u2019hiver ?","answerCount":1,"acceptedAnswer":{"@type":"Answer","text":"Il est conseill\u00e9 d\u2019arr\u00eater les apports en engrais fin juillet ou au plus tard fin ao\u00fbt, afin que les plantes aient suffisamment de temps pour se pr\u00e9parer \u00e0 l'hiver. Il existe toutefois des \u00ab\u00a0engrais d'automne\u00a0\u00bb, plus riches en potassium et all\u00e9g\u00e9s en azote, qui sont destin\u00e9s \u00e0 renforcer les plantes et \u00e0 les pr\u00e9parer \u00e0 faire face aux temp\u00e9ratures n\u00e9gatives.","inLanguage":"fr-FR"},"inLanguage":"fr-FR"}]}},"_links":{"self":[{"href":"https:\/\/www.france-serres.com\/blog\/wp-json\/wp\/v2\/posts\/3384","targetHints":{"allow":["GET"]}}],"collection":[{"href":"https:\/\/www.france-serres.com\/blog\/wp-json\/wp\/v2\/posts"}],"about":[{"href":"https:\/\/www.france-serres.com\/blog\/wp-json\/wp\/v2\/types\/post"}],"author":[{"embeddable":true,"href":"https:\/\/www.france-serres.com\/blog\/wp-json\/wp\/v2\/users\/3"}],"replies":[{"embeddable":true,"href":"https:\/\/www.france-serres.com\/blog\/wp-json\/wp\/v2\/comments?post=3384"}],"version-history":[{"count":0,"href":"https:\/\/www.france-serres.com\/blog\/wp-json\/wp\/v2\/posts\/3384\/revisions"}],"wp:featuredmedia":[{"embeddable":true,"href":"https:\/\/www.france-serres.com\/blog\/wp-json\/wp\/v2\/media\/3383"}],"wp:attachment":[{"href":"https:\/\/www.france-serres.com\/blog\/wp-json\/wp\/v2\/media?parent=3384"}],"wp:term":[{"taxonomy":"category","embeddable":true,"href":"https:\/\/www.france-serres.com\/blog\/wp-json\/wp\/v2\/categories?post=3384"},{"taxonomy":"post_tag","embeddable":true,"href":"https:\/\/www.france-serres.com\/blog\/wp-json\/wp\/v2\/tags?post=3384"}],"curies":[{"name":"wp","href":"https:\/\/api.w.org\/{rel}","templated":true}]}}