{"id":1303,"date":"2022-07-05T14:33:00","date_gmt":"2022-07-05T12:33:00","guid":{"rendered":"https:\/\/www.france-serres.com\/wordpress\/?p=1303"},"modified":"2024-02-26T15:49:11","modified_gmt":"2024-02-26T14:49:11","slug":"que-faire-en-juillet","status":"publish","type":"post","link":"https:\/\/www.france-serres.com\/blog\/calendrier\/que-faire-en-juillet","title":{"rendered":"Que faire en juillet sous serre&nbsp;?"},"content":{"rendered":"\n<h2 class=\"gb-headline gb-headline-b8946675 gb-headline-text\">Que r\u00e9colter en juillet&nbsp;?<\/h2>\n\n\n\n<p>Le premier mois d\u2019\u00e9t\u00e9 est souvent synonyme de r\u00e9colte dans le jardin. On&nbsp;peut y trouver de nombreux fruits et l\u00e9gumes arriv\u00e9s \u00e0 maturit\u00e9 dans son potager et sa serre de jardin Voici ci-dessous une liste non-exhaustive de quelques-uns des nombreux fruits et l\u00e9gumes que vous allez pouvoir r\u00e9colter ce mois-ci. Id\u00e9ale pour pr\u00e9parer des salades et autres plats rafra\u00eechissants pour ce mois de juillet.<\/p>\n\n\n<div class=\"gb-grid-wrapper gb-grid-wrapper-5e8c5c98\">\n<div class=\"gb-grid-column gb-grid-column-c015c326\"><div class=\"gb-container gb-container-c015c326\"><div class=\"gb-inside-container\">\n\n<figure class=\"wp-block-image size-full\"><img loading=\"lazy\" decoding=\"async\" width=\"632\" height=\"420\" src=\"https:\/\/www.france-serres.com\/blog\/wp-content\/uploads\/tomate-serre-juillet.webp\" alt=\"tomate sous serre juillet\" class=\"wp-image-1288\" srcset=\"https:\/\/www.france-serres.com\/blog\/wp-content\/uploads\/tomate-serre-juillet.webp 632w, https:\/\/www.france-serres.com\/blog\/wp-content\/uploads\/tomate-serre-juillet-300x199.webp 300w\" sizes=\"auto, (max-width: 420px) 300px, (min-width: 421px) 768px, (min-width: 725px) 1024px\" \/><\/figure>\n\n\n\n<h3 class=\"gb-headline gb-headline-c1c76584 gb-headline-text\">Tomate<\/h3>\n\n\n\n<p><strong>Dur\u00e9e&nbsp;:&nbsp;<\/strong>5 \u00e0 6&nbsp;&nbsp;mois apr\u00e8s la semis<br><strong>Taille&nbsp;:&nbsp;<\/strong>45 \u00e0 500 cm<br><strong>R\u00e9colte&nbsp;:&nbsp;<\/strong>cueillez la&nbsp;<a href=\"https:\/\/www.france-serres.com\/blog\/culture\/culture-de-tomates\">tomate<\/a>&nbsp;en effectuant une rotation du fruit dans sa main.<\/p>\n\n<\/div><\/div><\/div>\n\n<div class=\"gb-grid-column gb-grid-column-463abc10\"><div class=\"gb-container gb-container-463abc10\"><div class=\"gb-inside-container\">\n\n<figure class=\"wp-block-image size-full\"><img loading=\"lazy\" decoding=\"async\" width=\"632\" height=\"420\" src=\"https:\/\/www.france-serres.com\/blog\/wp-content\/uploads\/courgettee-serre-juillet.webp\" alt=\"courgette sous serre juillet\" class=\"wp-image-1289\" srcset=\"https:\/\/www.france-serres.com\/blog\/wp-content\/uploads\/courgettee-serre-juillet.webp 632w, https:\/\/www.france-serres.com\/blog\/wp-content\/uploads\/courgettee-serre-juillet-300x199.webp 300w\" sizes=\"auto, (max-width: 420px) 300px, (min-width: 421px) 768px, (min-width: 725px) 1024px\" \/><\/figure>\n\n\n\n<h3 class=\"gb-headline gb-headline-dd4f2268 gb-headline-text\">Courgette<\/h3>\n\n\n\n<p><strong>Dur\u00e9e&nbsp;:&nbsp;<\/strong>2 mois apr\u00e8s la semis<br><strong>Taille&nbsp;:&nbsp;<\/strong>45 \u00e0 100 cm<br><strong>R\u00e9colte&nbsp;:&nbsp;<\/strong>coupez le p\u00e9doncule quand le fruit est jeune, avant apparition des p\u00e9pins<\/p>\n\n<\/div><\/div><\/div>\n<\/div>\n\n<div class=\"gb-grid-wrapper gb-grid-wrapper-88780588\">\n<div class=\"gb-grid-column gb-grid-column-ee68623e\"><div class=\"gb-container gb-container-ee68623e\"><div class=\"gb-inside-container\">\n\n<figure class=\"wp-block-image size-full\"><img loading=\"lazy\" decoding=\"async\" width=\"632\" height=\"420\" src=\"https:\/\/www.france-serres.com\/blog\/wp-content\/uploads\/pastequee-serre-juillet.webp\" alt=\"past\u00e8que sous serre juillet\" class=\"wp-image-1290\" srcset=\"https:\/\/www.france-serres.com\/blog\/wp-content\/uploads\/pastequee-serre-juillet.webp 632w, https:\/\/www.france-serres.com\/blog\/wp-content\/uploads\/pastequee-serre-juillet-300x199.webp 300w\" sizes=\"auto, (max-width: 420px) 300px, (min-width: 421px) 768px, (min-width: 725px) 1024px\" \/><\/figure>\n\n\n\n<h3 class=\"gb-headline gb-headline-e8d4c4da gb-headline-text\">Past\u00e8que<\/h3>\n\n\n\n<p><strong>Dur\u00e9e&nbsp;:<\/strong> 4\u00a0mois apr\u00e8s la semis<br><strong>Taille\u00a0:<\/strong>\u00a015 \u00e0 45 cm<br><strong>R\u00e9colte\u00a0:<\/strong>\u00a0le fruit est m\u00fbr lorsqu&rsquo;il a un son plein quand on tapote dessus.<\/p>\n\n<\/div><\/div><\/div>\n\n<div class=\"gb-grid-column gb-grid-column-011f69ce\"><div class=\"gb-container gb-container-011f69ce\"><div class=\"gb-inside-container\">\n\n<figure class=\"wp-block-image size-full\"><img loading=\"lazy\" decoding=\"async\" width=\"632\" height=\"420\" src=\"https:\/\/www.france-serres.com\/blog\/wp-content\/uploads\/fraisee-serre-juillet.webp\" alt=\"fraise sous serre juillet\" class=\"wp-image-1291\" srcset=\"https:\/\/www.france-serres.com\/blog\/wp-content\/uploads\/fraisee-serre-juillet.webp 632w, https:\/\/www.france-serres.com\/blog\/wp-content\/uploads\/fraisee-serre-juillet-300x199.webp 300w\" sizes=\"auto, (max-width: 420px) 300px, (min-width: 421px) 768px, (min-width: 725px) 1024px\" \/><\/figure>\n\n\n\n<h3 class=\"gb-headline gb-headline-dacd13ef gb-headline-text\">Fraise<\/h3>\n\n\n\n<p><strong>Dur\u00e9e&nbsp;:<\/strong> 6\u00a0mois apr\u00e8s la semis<br><strong>Taille\u00a0:<\/strong>\u00a015 \u00e0\u00a045 cm<br><strong>R\u00e9colte\u00a0:<\/strong>\u00a0le fruit doit \u00eatre bien rouge et se d\u00e9tacher facilement du p\u00e9doncule<\/p>\n\n<\/div><\/div><\/div>\n<\/div>\n\n<div class=\"gb-grid-wrapper gb-grid-wrapper-d271142e\">\n<div class=\"gb-grid-column gb-grid-column-4c11288d\"><div class=\"gb-container gb-container-4c11288d\"><div class=\"gb-inside-container\">\n\n<figure class=\"wp-block-image size-full\"><img loading=\"lazy\" decoding=\"async\" width=\"632\" height=\"420\" src=\"https:\/\/www.france-serres.com\/blog\/wp-content\/uploads\/laituee-serre-juillet.webp\" alt=\"laitue sous serre juillet\" class=\"wp-image-1292\" srcset=\"https:\/\/www.france-serres.com\/blog\/wp-content\/uploads\/laituee-serre-juillet.webp 632w, https:\/\/www.france-serres.com\/blog\/wp-content\/uploads\/laituee-serre-juillet-300x199.webp 300w\" sizes=\"auto, (max-width: 420px) 300px, (min-width: 421px) 768px, (min-width: 725px) 1024px\" \/><\/figure>\n\n\n\n<h3 class=\"gb-headline gb-headline-5a9f4bec gb-headline-text\">Laitue<\/h3>\n\n\n\n<p><strong>Dur\u00e9e&nbsp;:<\/strong>\u00a02\u00a0\u00e0 3 mois apr\u00e8s la semis<br><strong>Taille\u00a0:<\/strong>\u00a015 \u00e0 45 cm<br><strong>R\u00e9colte\u00a0:<\/strong>\u00a0cueillez la laitue lorsque celle-ci est pomm\u00e9es.\u00a0<\/p>\n\n<\/div><\/div><\/div>\n\n<div class=\"gb-grid-column gb-grid-column-ac4cb35a\"><div class=\"gb-container gb-container-ac4cb35a\"><div class=\"gb-inside-container\">\n\n<figure class=\"wp-block-image size-full\"><img loading=\"lazy\" decoding=\"async\" width=\"632\" height=\"420\" src=\"https:\/\/www.france-serres.com\/blog\/wp-content\/uploads\/melone-serre-juillet.webp\" alt=\"melon sous serre juillet\" class=\"wp-image-1293\" srcset=\"https:\/\/www.france-serres.com\/blog\/wp-content\/uploads\/melone-serre-juillet.webp 632w, https:\/\/www.france-serres.com\/blog\/wp-content\/uploads\/melone-serre-juillet-300x199.webp 300w\" sizes=\"auto, (max-width: 420px) 300px, (min-width: 421px) 768px, (min-width: 725px) 1024px\" \/><\/figure>\n\n\n\n<h3 class=\"gb-headline gb-headline-bc0dd412 gb-headline-text\">Melon<\/h3>\n\n\n\n<p><strong>Dur\u00e9e&nbsp;:<\/strong>\u00a04 \u00e0 5\u00a0mois apr\u00e8s la semis<br><strong>Taille\u00a0:<\/strong>\u00a030 \u00e0 45 cm<br><strong>R\u00e9colte\u00a0:<\/strong>\u00a0le p\u00e9doncule\u00a0du\u00a0<a href=\"https:\/\/www.france-serres.com\/blog\/culture\/culture-du-melon\">melon<\/a>\u00a0se d\u00e9colle lorsque le fruit est \u00e0 maturit\u00e9<\/p>\n\n<\/div><\/div><\/div>\n<\/div>\n\n<div class=\"gb-grid-wrapper gb-grid-wrapper-96fb4e20\">\n<div class=\"gb-grid-column gb-grid-column-93b483e9\"><div class=\"gb-container gb-container-93b483e9\"><div class=\"gb-inside-container\">\n\n<figure class=\"wp-block-image size-full\"><img loading=\"lazy\" decoding=\"async\" width=\"632\" height=\"420\" src=\"https:\/\/www.france-serres.com\/blog\/wp-content\/uploads\/mesclune-serre-juillet.webp\" alt=\"mesclun sous serre juillet\" class=\"wp-image-1294\" srcset=\"https:\/\/www.france-serres.com\/blog\/wp-content\/uploads\/mesclune-serre-juillet.webp 632w, https:\/\/www.france-serres.com\/blog\/wp-content\/uploads\/mesclune-serre-juillet-300x199.webp 300w\" sizes=\"auto, (max-width: 420px) 300px, (min-width: 421px) 768px, (min-width: 725px) 1024px\" \/><\/figure>\n\n\n\n<h3 class=\"gb-headline gb-headline-7b3569e3 gb-headline-text\">Mesclun<\/h3>\n\n\n\n<p><strong>Dur\u00e9e&nbsp;:<\/strong>\u00a01 \u00e0 2 mois apr\u00e8s la semis<br><strong>Taille\u00a0:<\/strong>\u00a07\u00a0\u00e0 10 cm<br><strong>R\u00e9colte\u00a0:<\/strong>\u00a0coupez les feuilles qui font 7 \u00e0 10 cm sans enlever le c\u0153ur et les racines<\/p>\n\n<\/div><\/div><\/div>\n\n<div class=\"gb-grid-column gb-grid-column-a6be61dc\"><div class=\"gb-container gb-container-a6be61dc\"><div class=\"gb-inside-container\">\n\n<figure class=\"wp-block-image size-full\"><img loading=\"lazy\" decoding=\"async\" width=\"632\" height=\"420\" src=\"https:\/\/www.france-serres.com\/blog\/wp-content\/uploads\/tomate-cerisee-serre-juillet.webp\" alt=\"tomate cerise sous serre juillet\" class=\"wp-image-1295\" srcset=\"https:\/\/www.france-serres.com\/blog\/wp-content\/uploads\/tomate-cerisee-serre-juillet.webp 632w, https:\/\/www.france-serres.com\/blog\/wp-content\/uploads\/tomate-cerisee-serre-juillet-300x199.webp 300w\" sizes=\"auto, (max-width: 420px) 300px, (min-width: 421px) 768px, (min-width: 725px) 1024px\" \/><\/figure>\n\n\n\n<h3 class=\"gb-headline gb-headline-8b758194 gb-headline-text\">Tomate cerise<\/h3>\n\n\n\n<p><strong>Dur\u00e9e&nbsp;:<\/strong>\u00a04 \u00e0 5 mois apr\u00e8s la semis<br><strong>Taille\u00a0:<\/strong>\u00a045 \u00e0 200 cm<br><strong>R\u00e9colte\u00a0:<\/strong>\u00a0cueillez-la en effectuant une rotation du fruit\u00a0rougie\u00a0dans votre main.<\/p>\n\n<\/div><\/div><\/div>\n<\/div>\n\n<div class=\"gb-grid-wrapper gb-grid-wrapper-82e5f30a\">\n<div class=\"gb-grid-column gb-grid-column-a16ee9b9\"><div class=\"gb-container gb-container-a16ee9b9\"><div class=\"gb-inside-container\">\n\n<figure class=\"wp-block-image size-full\"><img loading=\"lazy\" decoding=\"async\" width=\"632\" height=\"420\" src=\"https:\/\/www.france-serres.com\/blog\/wp-content\/uploads\/poivrone-serre-juillet.webp\" alt=\"poivron sous serre juillet\" class=\"wp-image-1296\" srcset=\"https:\/\/www.france-serres.com\/blog\/wp-content\/uploads\/poivrone-serre-juillet.webp 632w, https:\/\/www.france-serres.com\/blog\/wp-content\/uploads\/poivrone-serre-juillet-300x199.webp 300w\" sizes=\"auto, (max-width: 420px) 300px, (min-width: 421px) 768px, (min-width: 725px) 1024px\" \/><\/figure>\n\n\n\n<h3 class=\"gb-headline gb-headline-c40ec505 gb-headline-text\">Poivron<\/h3>\n\n\n\n<p><strong>Dur\u00e9e&nbsp;:<\/strong>\u00a05 \u00e0 6\u00a0\u00a0mois apr\u00e8s la semis<br><strong>Taille\u00a0:<\/strong>\u00a0100 \u00e0 150 cm<br><strong>R\u00e9colte\u00a0:<\/strong>\u00a0coupez le poivron avec un s\u00e9cateur\u00a0pour ne pas ab\u00eemer les branches<\/p>\n\n<\/div><\/div><\/div>\n\n<div class=\"gb-grid-column gb-grid-column-49c9e3c6\"><div class=\"gb-container gb-container-49c9e3c6\"><div class=\"gb-inside-container\">\n\n<figure class=\"wp-block-image size-full\"><img loading=\"lazy\" decoding=\"async\" width=\"632\" height=\"420\" src=\"https:\/\/www.france-serres.com\/blog\/wp-content\/uploads\/radis-serre-juillet.webp\" alt=\"radis sous serre juillet\" class=\"wp-image-1297\" srcset=\"https:\/\/www.france-serres.com\/blog\/wp-content\/uploads\/radis-serre-juillet.webp 632w, https:\/\/www.france-serres.com\/blog\/wp-content\/uploads\/radis-serre-juillet-300x199.webp 300w\" sizes=\"auto, (max-width: 420px) 300px, (min-width: 421px) 768px, (min-width: 725px) 1024px\" \/><\/figure>\n\n\n\n<h3 class=\"gb-headline gb-headline-74758ccc gb-headline-text\">Radis<\/h3>\n\n\n\n<p><strong>Dur\u00e9e&nbsp;:<\/strong>\u00a018 jours apr\u00e8s la semis<br><strong>Taille\u00a0:<\/strong>\u00a015 \u00e0 45 cm<br><strong>R\u00e9colte\u00a0:<\/strong>\u00a0r\u00e9coltez le radis\u00a0lorsque vous apercevez le collet<\/p>\n\n<\/div><\/div><\/div>\n<\/div>\n\n\n<h2 class=\"gb-headline gb-headline-5a8d325e gb-headline-text\">Que semer en juillet&nbsp;?<\/h2>\n\n\n\n<p>Avec les diff\u00e9rents fruits et l\u00e9gumes que vous allez r\u00e9colter au fil du mois, vous allez commencer \u00e0 de nouveau avoir de la place dans votre serre de jardin. Apr\u00e8s avoir nettoy\u00e9 et amend\u00e9 les emplacements vides, vous allez pouvoir&nbsp;<a href=\"https:\/\/www.france-serres.com\/blog\/culture\/comment-realiser-des-semis-sous-serre\">semer de nouveau des l\u00e9gumes dans votre serre de jardin<\/a>.<\/p>\n\n\n\n<p>Voici ci-dessous une liste non-exhaustive de plants \u00e0 semer en ce mois de juillet&nbsp;:<\/p>\n\n\n<div class=\"gb-grid-wrapper gb-grid-wrapper-0c05db65\">\n<div class=\"gb-grid-column gb-grid-column-8d1d1ad3\"><div class=\"gb-container gb-container-8d1d1ad3\"><div class=\"gb-inside-container\">\n\n<figure class=\"wp-block-image size-full\"><img loading=\"lazy\" decoding=\"async\" width=\"632\" height=\"420\" src=\"https:\/\/www.france-serres.com\/blog\/wp-content\/uploads\/poireaue-serre-juillet.webp\" alt=\"poireau sous serre juillet\" class=\"wp-image-1298\" srcset=\"https:\/\/www.france-serres.com\/blog\/wp-content\/uploads\/poireaue-serre-juillet.webp 632w, https:\/\/www.france-serres.com\/blog\/wp-content\/uploads\/poireaue-serre-juillet-300x199.webp 300w\" sizes=\"auto, (max-width: 420px) 300px, (min-width: 421px) 768px, (min-width: 725px) 1024px\" \/><\/figure>\n\n\n\n<h3 class=\"gb-headline gb-headline-ef109950 gb-headline-text\">Poireau<\/h3>\n\n\n\n<p><strong>Type de sol&nbsp;:<\/strong>\u00a0argileux ou humif\u00e8re<br><strong>Exposition&nbsp;:<\/strong>\u00a0ensoleill\u00e9<br><strong>Besoin en eau&nbsp;:<\/strong>\u00a0moyen<br><strong>Semis&nbsp;:<\/strong>\u00a0de juillet \u00e0 septembre<br><strong>Hauteur \u00e0 maturit\u00e9&nbsp;:<\/strong>\u00a045 \u00e0 65 cm<\/p>\n\n<\/div><\/div><\/div>\n\n<div class=\"gb-grid-column gb-grid-column-35df50c9\"><div class=\"gb-container gb-container-35df50c9\"><div class=\"gb-inside-container\">\n\n<figure class=\"wp-block-image size-full\"><img loading=\"lazy\" decoding=\"async\" width=\"632\" height=\"420\" src=\"https:\/\/www.france-serres.com\/blog\/wp-content\/uploads\/radis-e-serre-juillet.webp\" alt=\"radis sous serre juillet\" class=\"wp-image-1299\" srcset=\"https:\/\/www.france-serres.com\/blog\/wp-content\/uploads\/radis-e-serre-juillet.webp 632w, https:\/\/www.france-serres.com\/blog\/wp-content\/uploads\/radis-e-serre-juillet-300x199.webp 300w\" sizes=\"auto, (max-width: 420px) 300px, (min-width: 421px) 768px, (min-width: 725px) 1024px\" \/><\/figure>\n\n\n\n<h3 class=\"gb-headline gb-headline-241d1bfd gb-headline-text\">Radis d&rsquo;hiver<\/h3>\n\n\n\n<p><strong>Type de sol&nbsp;:<\/strong>\u00a0sableux ou humif\u00e8re<br><strong>Exposition&nbsp;:<\/strong>\u00a0ensoleill\u00e9<br><strong>Besoin en eau&nbsp;:<\/strong>\u00a0moyen<br><strong>Semis&nbsp;:<\/strong>\u00a0de juin \u00e0 aout<br><strong>Hauteur \u00e0 maturit\u00e9&nbsp;:<\/strong>\u00a015 \u00e0 30 cm<\/p>\n\n<\/div><\/div><\/div>\n<\/div>\n\n<div class=\"gb-grid-wrapper gb-grid-wrapper-efc05de4\">\n<div class=\"gb-grid-column gb-grid-column-c1ab9fec\"><div class=\"gb-container gb-container-c1ab9fec\"><div class=\"gb-inside-container\">\n\n<figure class=\"wp-block-image size-full\"><img loading=\"lazy\" decoding=\"async\" width=\"632\" height=\"420\" src=\"https:\/\/www.france-serres.com\/blog\/wp-content\/uploads\/machee-serre-juillet.webp\" alt=\"m\u00e2che sous serre juillet\" class=\"wp-image-1300\" srcset=\"https:\/\/www.france-serres.com\/blog\/wp-content\/uploads\/machee-serre-juillet.webp 632w, https:\/\/www.france-serres.com\/blog\/wp-content\/uploads\/machee-serre-juillet-300x199.webp 300w\" sizes=\"auto, (max-width: 420px) 300px, (min-width: 421px) 768px, (min-width: 725px) 1024px\" \/><\/figure>\n\n\n\n<h3 class=\"gb-headline gb-headline-7f24ae5f gb-headline-text\">M\u00e2che<\/h3>\n\n\n\n<p><strong>Type de sol&nbsp;:<\/strong>\u00a0argileux ou humif\u00e8re<br><strong>Exposition&nbsp;:<\/strong>\u00a0ombre ou mi-ombre<br><strong>Besoin en eau&nbsp;:<\/strong>\u00a0moyen<br><strong>Semis&nbsp;:<\/strong>\u00a0de juillet \u00e0 octobre<br><strong>Hauteur \u00e0 maturit\u00e9&nbsp;:<\/strong>\u00a010 \u00e0 14 cm<\/p>\n\n<\/div><\/div><\/div>\n\n<div class=\"gb-grid-column gb-grid-column-0707ea27\"><div class=\"gb-container gb-container-0707ea27\"><div class=\"gb-inside-container\">\n\n<figure class=\"wp-block-image size-full\"><img loading=\"lazy\" decoding=\"async\" width=\"632\" height=\"420\" src=\"https:\/\/www.france-serres.com\/blog\/wp-content\/uploads\/brocolie-serre-juillet.webp\" alt=\"brocoli sous serre juillet\" class=\"wp-image-1301\" srcset=\"https:\/\/www.france-serres.com\/blog\/wp-content\/uploads\/brocolie-serre-juillet.webp 632w, https:\/\/www.france-serres.com\/blog\/wp-content\/uploads\/brocolie-serre-juillet-300x199.webp 300w\" sizes=\"auto, (max-width: 420px) 300px, (min-width: 421px) 768px, (min-width: 725px) 1024px\" \/><\/figure>\n\n\n\n<h3 class=\"gb-headline gb-headline-41fb7393 gb-headline-text\">Brocoli<\/h3>\n\n\n\n<p><strong>Type de sol&nbsp;:<\/strong>\u00a0argileux, calcaire ou humif\u00e8re<br><strong>Exposition&nbsp;:<\/strong>\u00a0ensoleill\u00e9 ou mi- ombr\u00e9<br><strong>Besoin en eau&nbsp;:<\/strong>\u00a0important<br><strong>Semis&nbsp;:<\/strong>\u00a0de f\u00e9vrier \u00e0 septembre<br><strong>Hauteur \u00e0 maturit\u00e9&nbsp;:<\/strong>\u00a050\u00a0\u00e0 80 cm<\/p>\n\n<\/div><\/div><\/div>\n<\/div>\n\n<div class=\"gb-grid-wrapper gb-grid-wrapper-2283c445\">\n<div class=\"gb-grid-column gb-grid-column-3eb6a6f2\"><div class=\"gb-container gb-container-3eb6a6f2\"><div class=\"gb-inside-container\">\n\n<figure class=\"wp-block-image size-full\"><img loading=\"lazy\" decoding=\"async\" width=\"632\" height=\"420\" src=\"https:\/\/www.france-serres.com\/blog\/wp-content\/uploads\/carottee-serre-juillet.webp\" alt=\"carotte sous serre juillet\" class=\"wp-image-1302\" srcset=\"https:\/\/www.france-serres.com\/blog\/wp-content\/uploads\/carottee-serre-juillet.webp 632w, https:\/\/www.france-serres.com\/blog\/wp-content\/uploads\/carottee-serre-juillet-300x199.webp 300w\" sizes=\"auto, (max-width: 420px) 300px, (min-width: 421px) 768px, (min-width: 725px) 1024px\" \/><\/figure>\n\n\n\n<h3 class=\"gb-headline gb-headline-6921b15e gb-headline-text\">Carotte<\/h3>\n\n\n\n<p><strong>Type de sol&nbsp;:<\/strong>\u00a0Sableux ou humif\u00e8re<br><strong>Exposition&nbsp;:<\/strong>\u00a0ensoleill\u00e9<br><strong>Besoin en eau&nbsp;:<\/strong>\u00a0Moyen<br><strong>Semis&nbsp;:<\/strong>\u00a0de f\u00e9vrier \u00e0 juillet<br><strong>Hauteur \u00e0 maturit\u00e9&nbsp;:<\/strong>\u00a030 \u00e0 60 cm<\/p>\n\n<\/div><\/div><\/div>\n\n<div class=\"gb-grid-column gb-grid-column-62d4e421\"><div class=\"gb-container gb-container-62d4e421\"><div class=\"gb-inside-container\">\n\n<figure class=\"wp-block-image size-full\"><img loading=\"lazy\" decoding=\"async\" width=\"632\" height=\"420\" src=\"https:\/\/www.france-serres.com\/blog\/wp-content\/uploads\/chou-fleure-serre-juillet.webp\" alt=\"chou-fleur serre juillet\" class=\"wp-image-1287\" srcset=\"https:\/\/www.france-serres.com\/blog\/wp-content\/uploads\/chou-fleure-serre-juillet.webp 632w, https:\/\/www.france-serres.com\/blog\/wp-content\/uploads\/chou-fleure-serre-juillet-300x199.webp 300w\" sizes=\"auto, (max-width: 420px) 300px, (min-width: 421px) 768px, (min-width: 725px) 1024px\" \/><\/figure>\n\n\n\n<h3 class=\"gb-headline gb-headline-bd0921c2 gb-headline-text\">Chou-fleur<\/h3>\n\n\n\n<p><strong>Type de sol&nbsp;:<\/strong> argileux , calcaire ou humif\u00e8re<br><strong>Exposition&nbsp;:<\/strong>\u00a0ensoleill\u00e9\u00a0ou mi-ombre<br><strong>Besoin en eau&nbsp;:<\/strong>\u00a0important<br><strong>Semis&nbsp;:<\/strong>\u00a0de janvier \u00e0\u00a0septembre<br><strong>Hauteur \u00e0 maturit\u00e9&nbsp;:<\/strong>\u00a050 \u00e0 80 cm<\/p>\n\n<\/div><\/div><\/div>\n<\/div>\n\n<div class=\"gb-grid-wrapper gb-grid-wrapper-f24cbf50\">\n<div class=\"gb-grid-column gb-grid-column-6c3ddaa9\"><div class=\"gb-container gb-container-6c3ddaa9\"><div class=\"gb-inside-container\">\n\n<figure class=\"wp-block-image size-full\"><img loading=\"lazy\" decoding=\"async\" width=\"632\" height=\"420\" src=\"https:\/\/www.france-serres.com\/blog\/wp-content\/uploads\/courgettee-serre-juillet.webp\" alt=\"courgette sous serre juillet\" class=\"wp-image-1289\" srcset=\"https:\/\/www.france-serres.com\/blog\/wp-content\/uploads\/courgettee-serre-juillet.webp 632w, https:\/\/www.france-serres.com\/blog\/wp-content\/uploads\/courgettee-serre-juillet-300x199.webp 300w\" sizes=\"auto, (max-width: 420px) 300px, (min-width: 421px) 768px, (min-width: 725px) 1024px\" \/><\/figure>\n\n\n\n<h3 class=\"gb-headline gb-headline-2c69ea52 gb-headline-text\">Courgette<\/h3>\n\n\n\n<p><strong>Type de sol&nbsp;:<\/strong> humif\u00e8re<br><strong>Exposition&nbsp;:<\/strong>\u00a0ensoleill\u00e9<br><strong>Besoin en eau&nbsp;:<\/strong>\u00a0moyen<br><strong>Semis&nbsp;:<\/strong>\u00a0de\u00a0mars \u00e0 juillet<br><strong>Hauteur \u00e0 maturit\u00e9&nbsp;:<\/strong>\u00a045 \u00e0 100 cm<\/p>\n\n<\/div><\/div><\/div>\n\n<div class=\"gb-grid-column gb-grid-column-a0b1d39f\"><div class=\"gb-container gb-container-a0b1d39f\"><div class=\"gb-inside-container\">\n\n<figure class=\"wp-block-image size-full\"><img loading=\"lazy\" decoding=\"async\" width=\"632\" height=\"420\" src=\"https:\/\/www.france-serres.com\/blog\/wp-content\/uploads\/endive-serre-juillet.webp\" alt=\"endive sous serre juillet\" class=\"wp-image-1310\" srcset=\"https:\/\/www.france-serres.com\/blog\/wp-content\/uploads\/endive-serre-juillet.webp 632w, https:\/\/www.france-serres.com\/blog\/wp-content\/uploads\/endive-serre-juillet-300x199.webp 300w\" sizes=\"auto, (max-width: 420px) 300px, (min-width: 421px) 768px, (min-width: 725px) 1024px\" \/><\/figure>\n\n\n\n<h3 class=\"gb-headline gb-headline-5d62f95c gb-headline-text\">Endive<\/h3>\n\n\n\n<p><strong>Type de sol&nbsp;:<\/strong>\u00a0humif\u00e8re<br><strong>Exposition&nbsp;:<\/strong>\u00a0ensoleill\u00e9<br><strong>Besoin en eau&nbsp;:<\/strong>\u00a0moyen<br><strong>Semis&nbsp;:<\/strong>\u00a0de avril \u00e0 juillet<br><strong>Hauteur \u00e0 maturit\u00e9&nbsp;:<\/strong>\u00a030 \u00e0 60 cm<\/p>\n\n<\/div><\/div><\/div>\n<\/div>\n\n<div class=\"gb-grid-wrapper gb-grid-wrapper-bec131a3\">\n<div class=\"gb-grid-column gb-grid-column-7b6e6543\"><div class=\"gb-container gb-container-7b6e6543\"><div class=\"gb-inside-container\">\n\n<figure class=\"wp-block-image size-full\"><img loading=\"lazy\" decoding=\"async\" width=\"632\" height=\"420\" src=\"https:\/\/www.france-serres.com\/blog\/wp-content\/uploads\/haricot-vert-serre-juillet.webp\" alt=\"haricot vert sous serre juillet\" class=\"wp-image-1311\" srcset=\"https:\/\/www.france-serres.com\/blog\/wp-content\/uploads\/haricot-vert-serre-juillet.webp 632w, https:\/\/www.france-serres.com\/blog\/wp-content\/uploads\/haricot-vert-serre-juillet-300x199.webp 300w\" sizes=\"auto, (max-width: 420px) 300px, (min-width: 421px) 768px, (min-width: 725px) 1024px\" \/><\/figure>\n\n\n\n<h3 class=\"gb-headline gb-headline-05638727 gb-headline-text\">Haricot vert<\/h3>\n\n\n\n<p><strong>Type de sol&nbsp;:<\/strong>\u00a0sableux\u00a0ou humif\u00e8re<br><strong>Exposition&nbsp;:<\/strong>\u00a0ensoleill\u00e9<br><strong>Besoin en eau&nbsp;:<\/strong>\u00a0moyen<br><strong>Semis&nbsp;:<\/strong>\u00a0de\u00a0avril \u00e0\u00a0aout<br><strong>Hauteur \u00e0 maturit\u00e9&nbsp;:<\/strong>\u00a030 \u00e0 50 cm<\/p>\n\n<\/div><\/div><\/div>\n\n<div class=\"gb-grid-column gb-grid-column-6b8d7585\"><div class=\"gb-container gb-container-6b8d7585\"><div class=\"gb-inside-container\"><\/div><\/div><\/div>\n<\/div>\n\n\n<h2 class=\"gb-headline gb-headline-d86a4535 gb-headline-text\">Astuces pour prot\u00e9ger une serre en juillet<\/h2>\n\n\n\n<p>En juillet, les fortes chaleurs peuvent nuire \u00e0 vos diff\u00e9rentes cultures qui se trouvent dans votre serre de jardin. Pour&nbsp;<a href=\"https:\/\/www.france-serres.com\/blog\/astuces\/chaleur-protegez-votre-potager\">prot\u00e9ger votre potager de la chaleur<\/a>, voici quelques astuces simples pour \u00e9viter le coup de chaud \u00e0 l\u2019int\u00e9rieur de votre serre et ainsi pouvoir continuer \u00e0 cultiver vos plants en toute s\u00e9r\u00e9nit\u00e9.<\/p>\n\n\n\n<h3 class=\"gb-headline gb-headline-d73aafcb gb-headline-text\">Prot\u00e9ger une serre du soleil<\/h3>\n\n\n\n<h4 class=\"wp-block-heading\">Blanchir une serre<\/h4>\n\n\n\n<p>Pour&nbsp;<a href=\"https:\/\/www.france-serres.com\/blog\/astuces\/proteger-une-serre-du-soleil\">prot\u00e9ger une serre du soleil<\/a>, vous pouvez appliquer de la craie en p\u00e2te ou une couche de peinture sp\u00e9cialement con\u00e7ue pour les serres de jardin directement sur la couverture de votre serre. En appliquant cette protection, vous allez ainsi filtrer la lumi\u00e8re et abaisser la temp\u00e9rature \u00e0 l\u2019int\u00e9rieur de votre structure. Simple \u00e0 enlever, il est indispensable de retirer cette couche de protection \u00e0 la fin de l\u2019\u00e9t\u00e9, lorsque les rayons du soleil sont moins importants.<\/p>\n\n\n\n<h4 class=\"wp-block-heading\">Mettre en voile d&rsquo;ombrage<\/h4>\n\n\n\n<p>Vous remarquez que vos plantes se dess\u00e8chent tr\u00e8s rapidement et que les feuilles se d\u00e9colorent et fl\u00e9trissent&nbsp;! Il s&rsquo;agit des cons\u00e9quences d&rsquo;un trop grand ensoleillement. Pour emp\u00eacher que les rayons du soleil&nbsp;deviennent nocifs et br\u00fblent vos plants, installez un&nbsp;<a href=\"https:\/\/www.france-serres.com\/accessoires-pieces-detachees-pour-serres-de-jardin\/294-kit-voile-d-ombrage-pour-serre-tunnel-demi-lune.html\">voile d&rsquo;ombrage&nbsp;<\/a>sur votre serre de jardin. Cette technique vous permettra de r\u00e9guler la temp\u00e9rature \u00e0 l&rsquo;int\u00e9rieur de votre serre et d&rsquo;ainsi \u00e9viter que la&nbsp;temp\u00e9rature trop \u00e9lev\u00e9e vienne endommager vos cultures.<\/p>\n\n\n\n<h2 class=\"gb-headline gb-headline-0bc78411 gb-headline-text\">Autres astuces de jardinage<\/h2>\n\n\n\n<h4 class=\"wp-block-heading\">Arroser une serre efficacement<\/h4>\n\n\n\n<p>Arrosez les pieds de vos plants \u00e0 eau temp\u00e9r\u00e9e permet d&rsquo;\u00e9viter la propagation de maladies et les chocs thermiques \u00e0 l&rsquo;int\u00e9rieur de votre serre de jardin. Pour effectuer un arrosage efficace en fonction de vos plants et du climat de votre r\u00e9gion, vous pouvez consulter toutes nos astuces avec notre article complet sur&nbsp;<a href=\"https:\/\/www.france-serres.com\/blog\/culture\/tout-savoir-sur-l-arrosage-sous-serre-guide-complet\">l&rsquo;arrosage d&rsquo;une serre de jardin<\/a>.<\/p>\n\n\n\n<h4 class=\"wp-block-heading\">Utiliser un paillage<\/h4>\n\n\n\n<p>Apr\u00e8s avoir arros\u00e9 efficacement votre serre, installez un paillage pour prot\u00e9ger vos plants de la chaleur. Cette technique vous permettra d\u2019\u00e9conomiser de l\u2019eau, tout en r\u00e9gulant la temp\u00e9rature et les mauvaises herbes \u00e0 l\u2019int\u00e9rieur de votre serre. Facile \u00e0 installer, le rouleau de paillage \u00e9cologique en chanvre vous facilitera l\u2019entretien de votre jardin. Pour en d\u00e9couvrir plus, retrouvez notre&nbsp;<a href=\"https:\/\/www.france-serres.com\/blog\/culture\/le-paillage\">article complet sur le paillage<\/a>.<\/p>\n\n\n\n<h4 class=\"wp-block-heading\">A\u00e9rer une serre de jardin<\/h4>\n\n\n\n<p>L&rsquo;a\u00e9ration de la serre de jardin permet d&rsquo;\u00e9viter la condensation \u00e0 l&rsquo;int\u00e9rieur et la prolif\u00e9ration de maladies, comme le mildiou et l&rsquo;o\u00efdium. En \u00e9t\u00e9, il est fortement conseill\u00e9 de laisser ouverte la serre de jardin afin d&rsquo;\u00e9viter les coups de chaud de vos plantes. Pour plus d&rsquo;informations, retrouvez tous nos conseils sur&nbsp;<a href=\"https:\/\/www.france-serres.com\/blog\/culture\/pourquoi-et-comment-aerer-une-serre\">l&rsquo;a\u00e9ration de votre serre de jardin<\/a>.<\/p>\n","protected":false},"excerpt":{"rendered":"<p>R\u00e9colte, semis, protection de la serre, le premier mois d\u2019\u00e9t\u00e9 est important pour les jardiniers. D\u00e9couvrez tous nos conseils pour &#8230; <a title=\"Que faire en juillet sous serre&nbsp;?\" class=\"read-more\" href=\"https:\/\/www.france-serres.com\/blog\/calendrier\/que-faire-en-juillet\" aria-label=\"Read more about Que faire en juillet sous serre&nbsp;?\">Lire plus<\/a><\/p>\n","protected":false},"author":2,"featured_media":1286,"comment_status":"open","ping_status":"open","sticky":false,"template":"","format":"standard","meta":{"_themeisle_gutenberg_block_has_review":false,"footnotes":""},"categories":[8],"tags":[86],"class_list":["post-1303","post","type-post","status-publish","format-standard","has-post-thumbnail","hentry","category-calendrier","tag-86","generate-columns","tablet-grid-50","mobile-grid-100","grid-parent","grid-33","no-featured-image-padding"],"yoast_head":"<!-- This site is optimized with the Yoast SEO plugin v26.8 - https:\/\/yoast.com\/product\/yoast-seo-wordpress\/ -->\n<title>Que faire au mois de juillet dans la serre ? - France Serres<\/title>\n<meta name=\"description\" content=\"R\u00e9colte, semis, protection de la serre, le premier mois d\u2019\u00e9t\u00e9 est important pour les jardiniers. D\u00e9couvrez tous nos conseils pour r\u00e9ussir vos cultures \u00e0 l\u2019int\u00e9rieur de votre serre de jardin.\" \/>\n<meta name=\"robots\" content=\"index, follow, max-snippet:-1, max-image-preview:large, max-video-preview:-1\" \/>\n<link rel=\"canonical\" href=\"https:\/\/www.france-serres.com\/blog\/calendrier\/que-faire-en-juillet\" \/>\n<meta property=\"og:locale\" content=\"fr_FR\" \/>\n<meta property=\"og:type\" content=\"article\" \/>\n<meta property=\"og:title\" content=\"Que faire au mois de juillet dans la serre ? - France Serres\" \/>\n<meta property=\"og:description\" content=\"R\u00e9colte, semis, protection de la serre, le premier mois d\u2019\u00e9t\u00e9 est important pour les jardiniers. D\u00e9couvrez tous nos conseils pour r\u00e9ussir vos cultures \u00e0 l\u2019int\u00e9rieur de votre serre de jardin.\" \/>\n<meta property=\"og:url\" content=\"https:\/\/www.france-serres.com\/blog\/calendrier\/que-faire-en-juillet\" \/>\n<meta property=\"og:site_name\" content=\"France Serres\" \/>\n<meta property=\"article:publisher\" content=\"https:\/\/www.facebook.com\/FrSerres\/\" \/>\n<meta property=\"article:published_time\" content=\"2022-07-05T12:33:00+00:00\" \/>\n<meta property=\"article:modified_time\" content=\"2024-02-26T14:49:11+00:00\" \/>\n<meta property=\"og:image\" content=\"https:\/\/www.france-serres.com\/blog\/wp-content\/uploads\/que-faire-serre-jardin-juillet.webp\" \/>\n\t<meta property=\"og:image:width\" content=\"1200\" \/>\n\t<meta property=\"og:image:height\" content=\"800\" \/>\n\t<meta property=\"og:image:type\" content=\"image\/webp\" \/>\n<meta name=\"author\" content=\"Nad\u00e8ge de France Serres\" \/>\n<script type=\"application\/ld+json\" class=\"yoast-schema-graph\">{\"@context\":\"https:\/\/schema.org\",\"@graph\":[{\"@type\":\"Article\",\"@id\":\"https:\/\/www.france-serres.com\/blog\/calendrier\/que-faire-en-juillet#article\",\"isPartOf\":{\"@id\":\"https:\/\/www.france-serres.com\/blog\/calendrier\/que-faire-en-juillet\"},\"author\":{\"name\":\"Nad\u00e8ge de France Serres\",\"@id\":\"https:\/\/www.france-serres.com\/blog\/#\/schema\/person\/15ed482195193a97383f6ba41b03ba74\"},\"headline\":\"Que faire en juillet sous serre&nbsp;?\",\"datePublished\":\"2022-07-05T12:33:00+00:00\",\"dateModified\":\"2024-02-26T14:49:11+00:00\",\"mainEntityOfPage\":{\"@id\":\"https:\/\/www.france-serres.com\/blog\/calendrier\/que-faire-en-juillet\"},\"wordCount\":1096,\"commentCount\":0,\"publisher\":{\"@id\":\"https:\/\/www.france-serres.com\/blog\/#organization\"},\"image\":{\"@id\":\"https:\/\/www.france-serres.com\/blog\/calendrier\/que-faire-en-juillet#primaryimage\"},\"thumbnailUrl\":\"https:\/\/www.france-serres.com\/blog\/wp-content\/uploads\/que-faire-serre-jardin-juillet.webp\",\"keywords\":[\"75\"],\"articleSection\":[\"Calendrier\"],\"inLanguage\":\"fr-FR\",\"potentialAction\":[{\"@type\":\"CommentAction\",\"name\":\"Comment\",\"target\":[\"https:\/\/www.france-serres.com\/blog\/calendrier\/que-faire-en-juillet#respond\"]}]},{\"@type\":\"WebPage\",\"@id\":\"https:\/\/www.france-serres.com\/blog\/calendrier\/que-faire-en-juillet\",\"url\":\"https:\/\/www.france-serres.com\/blog\/calendrier\/que-faire-en-juillet\",\"name\":\"Que faire au mois de juillet dans la serre ? - France Serres\",\"isPartOf\":{\"@id\":\"https:\/\/www.france-serres.com\/blog\/#website\"},\"primaryImageOfPage\":{\"@id\":\"https:\/\/www.france-serres.com\/blog\/calendrier\/que-faire-en-juillet#primaryimage\"},\"image\":{\"@id\":\"https:\/\/www.france-serres.com\/blog\/calendrier\/que-faire-en-juillet#primaryimage\"},\"thumbnailUrl\":\"https:\/\/www.france-serres.com\/blog\/wp-content\/uploads\/que-faire-serre-jardin-juillet.webp\",\"datePublished\":\"2022-07-05T12:33:00+00:00\",\"dateModified\":\"2024-02-26T14:49:11+00:00\",\"description\":\"R\u00e9colte, semis, protection de la serre, le premier mois d\u2019\u00e9t\u00e9 est important pour les jardiniers. D\u00e9couvrez tous nos conseils pour r\u00e9ussir vos cultures \u00e0 l\u2019int\u00e9rieur de votre serre de jardin.\",\"breadcrumb\":{\"@id\":\"https:\/\/www.france-serres.com\/blog\/calendrier\/que-faire-en-juillet#breadcrumb\"},\"inLanguage\":\"fr-FR\",\"potentialAction\":[{\"@type\":\"ReadAction\",\"target\":[\"https:\/\/www.france-serres.com\/blog\/calendrier\/que-faire-en-juillet\"]}]},{\"@type\":\"ImageObject\",\"inLanguage\":\"fr-FR\",\"@id\":\"https:\/\/www.france-serres.com\/blog\/calendrier\/que-faire-en-juillet#primaryimage\",\"url\":\"https:\/\/www.france-serres.com\/blog\/wp-content\/uploads\/que-faire-serre-jardin-juillet.webp\",\"contentUrl\":\"https:\/\/www.france-serres.com\/blog\/wp-content\/uploads\/que-faire-serre-jardin-juillet.webp\",\"width\":1200,\"height\":800,\"caption\":\"que faire sous serre de jardin en juillet\"},{\"@type\":\"BreadcrumbList\",\"@id\":\"https:\/\/www.france-serres.com\/blog\/calendrier\/que-faire-en-juillet#breadcrumb\",\"itemListElement\":[{\"@type\":\"ListItem\",\"position\":1,\"name\":\"Conseils\",\"item\":\"https:\/\/www.france-serres.com\/blog\"},{\"@type\":\"ListItem\",\"position\":2,\"name\":\"Calendrier\",\"item\":\"https:\/\/www.france-serres.com\/blog\/calendrier\"},{\"@type\":\"ListItem\",\"position\":3,\"name\":\"Que faire en juillet sous serre&nbsp;?\"}]},{\"@type\":\"WebSite\",\"@id\":\"https:\/\/www.france-serres.com\/blog\/#website\",\"url\":\"https:\/\/www.france-serres.com\/blog\/\",\"name\":\"France Serres\",\"description\":\"\",\"publisher\":{\"@id\":\"https:\/\/www.france-serres.com\/blog\/#organization\"},\"potentialAction\":[{\"@type\":\"SearchAction\",\"target\":{\"@type\":\"EntryPoint\",\"urlTemplate\":\"https:\/\/www.france-serres.com\/blog\/?s={search_term_string}\"},\"query-input\":{\"@type\":\"PropertyValueSpecification\",\"valueRequired\":true,\"valueName\":\"search_term_string\"}}],\"inLanguage\":\"fr-FR\"},{\"@type\":\"Organization\",\"@id\":\"https:\/\/www.france-serres.com\/blog\/#organization\",\"name\":\"France Serres\",\"url\":\"https:\/\/www.france-serres.com\/blog\/\",\"logo\":{\"@type\":\"ImageObject\",\"inLanguage\":\"fr-FR\",\"@id\":\"https:\/\/www.france-serres.com\/blog\/#\/schema\/logo\/image\/\",\"url\":\"https:\/\/www.france-serres.com\/blog\/wp-content\/uploads\/logo-min.svg\",\"contentUrl\":\"https:\/\/www.france-serres.com\/blog\/wp-content\/uploads\/logo-min.svg\",\"width\":1887,\"height\":780,\"caption\":\"France Serres\"},\"image\":{\"@id\":\"https:\/\/www.france-serres.com\/blog\/#\/schema\/logo\/image\/\"},\"sameAs\":[\"https:\/\/www.facebook.com\/FrSerres\/\",\"https:\/\/www.instagram.com\/insta_france_serres\/\",\"https:\/\/www.pinterest.fr\/FranceSerres\/\",\"https:\/\/www.youtube.com\/@france-serres\",\"https:\/\/www.linkedin.com\/company\/france-serres-france-diffusion\"]},{\"@type\":\"Person\",\"@id\":\"https:\/\/www.france-serres.com\/blog\/#\/schema\/person\/15ed482195193a97383f6ba41b03ba74\",\"name\":\"Nad\u00e8ge de France Serres\",\"image\":{\"@type\":\"ImageObject\",\"inLanguage\":\"fr-FR\",\"@id\":\"https:\/\/www.france-serres.com\/blog\/#\/schema\/person\/image\/\",\"url\":\"https:\/\/www.france-serres.com\/blog\/wp-content\/uploads\/auteur-nadege-96x96.webp\",\"contentUrl\":\"https:\/\/www.france-serres.com\/blog\/wp-content\/uploads\/auteur-nadege-96x96.webp\",\"caption\":\"Nad\u00e8ge de France Serres\"},\"description\":\"Passionn\u00e9e par le jardinage, j'aime d\u00e9couvrir de nouvelles astuces pour mon potager. Mon but : tester leur efficacit\u00e9 et leur facilit\u00e9 d'utilisation tout au long de l'ann\u00e9e. Curieuse et patiente, j'appr\u00e9cie d'observer les diff\u00e9rentes \u00e9volutions de mes fruits et l\u00e9gumes \u00e0 l'int\u00e9rieur de ma serre de jardin.\"}]}<\/script>\n<!-- \/ Yoast SEO plugin. -->","yoast_head_json":{"title":"Que faire au mois de juillet dans la serre ? - France Serres","description":"R\u00e9colte, semis, protection de la serre, le premier mois d\u2019\u00e9t\u00e9 est important pour les jardiniers. D\u00e9couvrez tous nos conseils pour r\u00e9ussir vos cultures \u00e0 l\u2019int\u00e9rieur de votre serre de jardin.","robots":{"index":"index","follow":"follow","max-snippet":"max-snippet:-1","max-image-preview":"max-image-preview:large","max-video-preview":"max-video-preview:-1"},"canonical":"https:\/\/www.france-serres.com\/blog\/calendrier\/que-faire-en-juillet","og_locale":"fr_FR","og_type":"article","og_title":"Que faire au mois de juillet dans la serre ? - France Serres","og_description":"R\u00e9colte, semis, protection de la serre, le premier mois d\u2019\u00e9t\u00e9 est important pour les jardiniers. D\u00e9couvrez tous nos conseils pour r\u00e9ussir vos cultures \u00e0 l\u2019int\u00e9rieur de votre serre de jardin.","og_url":"https:\/\/www.france-serres.com\/blog\/calendrier\/que-faire-en-juillet","og_site_name":"France Serres","article_publisher":"https:\/\/www.facebook.com\/FrSerres\/","article_published_time":"2022-07-05T12:33:00+00:00","article_modified_time":"2024-02-26T14:49:11+00:00","og_image":[{"width":1200,"height":800,"url":"https:\/\/www.france-serres.com\/blog\/wp-content\/uploads\/que-faire-serre-jardin-juillet.webp","type":"image\/webp"}],"author":"Nad\u00e8ge de France Serres","schema":{"@context":"https:\/\/schema.org","@graph":[{"@type":"Article","@id":"https:\/\/www.france-serres.com\/blog\/calendrier\/que-faire-en-juillet#article","isPartOf":{"@id":"https:\/\/www.france-serres.com\/blog\/calendrier\/que-faire-en-juillet"},"author":{"name":"Nad\u00e8ge de France Serres","@id":"https:\/\/www.france-serres.com\/blog\/#\/schema\/person\/15ed482195193a97383f6ba41b03ba74"},"headline":"Que faire en juillet sous serre&nbsp;?","datePublished":"2022-07-05T12:33:00+00:00","dateModified":"2024-02-26T14:49:11+00:00","mainEntityOfPage":{"@id":"https:\/\/www.france-serres.com\/blog\/calendrier\/que-faire-en-juillet"},"wordCount":1096,"commentCount":0,"publisher":{"@id":"https:\/\/www.france-serres.com\/blog\/#organization"},"image":{"@id":"https:\/\/www.france-serres.com\/blog\/calendrier\/que-faire-en-juillet#primaryimage"},"thumbnailUrl":"https:\/\/www.france-serres.com\/blog\/wp-content\/uploads\/que-faire-serre-jardin-juillet.webp","keywords":["75"],"articleSection":["Calendrier"],"inLanguage":"fr-FR","potentialAction":[{"@type":"CommentAction","name":"Comment","target":["https:\/\/www.france-serres.com\/blog\/calendrier\/que-faire-en-juillet#respond"]}]},{"@type":"WebPage","@id":"https:\/\/www.france-serres.com\/blog\/calendrier\/que-faire-en-juillet","url":"https:\/\/www.france-serres.com\/blog\/calendrier\/que-faire-en-juillet","name":"Que faire au mois de juillet dans la serre ? - France Serres","isPartOf":{"@id":"https:\/\/www.france-serres.com\/blog\/#website"},"primaryImageOfPage":{"@id":"https:\/\/www.france-serres.com\/blog\/calendrier\/que-faire-en-juillet#primaryimage"},"image":{"@id":"https:\/\/www.france-serres.com\/blog\/calendrier\/que-faire-en-juillet#primaryimage"},"thumbnailUrl":"https:\/\/www.france-serres.com\/blog\/wp-content\/uploads\/que-faire-serre-jardin-juillet.webp","datePublished":"2022-07-05T12:33:00+00:00","dateModified":"2024-02-26T14:49:11+00:00","description":"R\u00e9colte, semis, protection de la serre, le premier mois d\u2019\u00e9t\u00e9 est important pour les jardiniers. D\u00e9couvrez tous nos conseils pour r\u00e9ussir vos cultures \u00e0 l\u2019int\u00e9rieur de votre serre de jardin.","breadcrumb":{"@id":"https:\/\/www.france-serres.com\/blog\/calendrier\/que-faire-en-juillet#breadcrumb"},"inLanguage":"fr-FR","potentialAction":[{"@type":"ReadAction","target":["https:\/\/www.france-serres.com\/blog\/calendrier\/que-faire-en-juillet"]}]},{"@type":"ImageObject","inLanguage":"fr-FR","@id":"https:\/\/www.france-serres.com\/blog\/calendrier\/que-faire-en-juillet#primaryimage","url":"https:\/\/www.france-serres.com\/blog\/wp-content\/uploads\/que-faire-serre-jardin-juillet.webp","contentUrl":"https:\/\/www.france-serres.com\/blog\/wp-content\/uploads\/que-faire-serre-jardin-juillet.webp","width":1200,"height":800,"caption":"que faire sous serre de jardin en juillet"},{"@type":"BreadcrumbList","@id":"https:\/\/www.france-serres.com\/blog\/calendrier\/que-faire-en-juillet#breadcrumb","itemListElement":[{"@type":"ListItem","position":1,"name":"Conseils","item":"https:\/\/www.france-serres.com\/blog"},{"@type":"ListItem","position":2,"name":"Calendrier","item":"https:\/\/www.france-serres.com\/blog\/calendrier"},{"@type":"ListItem","position":3,"name":"Que faire en juillet sous serre&nbsp;?"}]},{"@type":"WebSite","@id":"https:\/\/www.france-serres.com\/blog\/#website","url":"https:\/\/www.france-serres.com\/blog\/","name":"France Serres","description":"","publisher":{"@id":"https:\/\/www.france-serres.com\/blog\/#organization"},"potentialAction":[{"@type":"SearchAction","target":{"@type":"EntryPoint","urlTemplate":"https:\/\/www.france-serres.com\/blog\/?s={search_term_string}"},"query-input":{"@type":"PropertyValueSpecification","valueRequired":true,"valueName":"search_term_string"}}],"inLanguage":"fr-FR"},{"@type":"Organization","@id":"https:\/\/www.france-serres.com\/blog\/#organization","name":"France Serres","url":"https:\/\/www.france-serres.com\/blog\/","logo":{"@type":"ImageObject","inLanguage":"fr-FR","@id":"https:\/\/www.france-serres.com\/blog\/#\/schema\/logo\/image\/","url":"https:\/\/www.france-serres.com\/blog\/wp-content\/uploads\/logo-min.svg","contentUrl":"https:\/\/www.france-serres.com\/blog\/wp-content\/uploads\/logo-min.svg","width":1887,"height":780,"caption":"France Serres"},"image":{"@id":"https:\/\/www.france-serres.com\/blog\/#\/schema\/logo\/image\/"},"sameAs":["https:\/\/www.facebook.com\/FrSerres\/","https:\/\/www.instagram.com\/insta_france_serres\/","https:\/\/www.pinterest.fr\/FranceSerres\/","https:\/\/www.youtube.com\/@france-serres","https:\/\/www.linkedin.com\/company\/france-serres-france-diffusion"]},{"@type":"Person","@id":"https:\/\/www.france-serres.com\/blog\/#\/schema\/person\/15ed482195193a97383f6ba41b03ba74","name":"Nad\u00e8ge de France Serres","image":{"@type":"ImageObject","inLanguage":"fr-FR","@id":"https:\/\/www.france-serres.com\/blog\/#\/schema\/person\/image\/","url":"https:\/\/www.france-serres.com\/blog\/wp-content\/uploads\/auteur-nadege-96x96.webp","contentUrl":"https:\/\/www.france-serres.com\/blog\/wp-content\/uploads\/auteur-nadege-96x96.webp","caption":"Nad\u00e8ge de France Serres"},"description":"Passionn\u00e9e par le jardinage, j'aime d\u00e9couvrir de nouvelles astuces pour mon potager. Mon but : tester leur efficacit\u00e9 et leur facilit\u00e9 d'utilisation tout au long de l'ann\u00e9e. Curieuse et patiente, j'appr\u00e9cie d'observer les diff\u00e9rentes \u00e9volutions de mes fruits et l\u00e9gumes \u00e0 l'int\u00e9rieur de ma serre de jardin."}]}},"_links":{"self":[{"href":"https:\/\/www.france-serres.com\/blog\/wp-json\/wp\/v2\/posts\/1303","targetHints":{"allow":["GET"]}}],"collection":[{"href":"https:\/\/www.france-serres.com\/blog\/wp-json\/wp\/v2\/posts"}],"about":[{"href":"https:\/\/www.france-serres.com\/blog\/wp-json\/wp\/v2\/types\/post"}],"author":[{"embeddable":true,"href":"https:\/\/www.france-serres.com\/blog\/wp-json\/wp\/v2\/users\/2"}],"replies":[{"embeddable":true,"href":"https:\/\/www.france-serres.com\/blog\/wp-json\/wp\/v2\/comments?post=1303"}],"version-history":[{"count":0,"href":"https:\/\/www.france-serres.com\/blog\/wp-json\/wp\/v2\/posts\/1303\/revisions"}],"wp:featuredmedia":[{"embeddable":true,"href":"https:\/\/www.france-serres.com\/blog\/wp-json\/wp\/v2\/media\/1286"}],"wp:attachment":[{"href":"https:\/\/www.france-serres.com\/blog\/wp-json\/wp\/v2\/media?parent=1303"}],"wp:term":[{"taxonomy":"category","embeddable":true,"href":"https:\/\/www.france-serres.com\/blog\/wp-json\/wp\/v2\/categories?post=1303"},{"taxonomy":"post_tag","embeddable":true,"href":"https:\/\/www.france-serres.com\/blog\/wp-json\/wp\/v2\/tags?post=1303"}],"curies":[{"name":"wp","href":"https:\/\/api.w.org\/{rel}","templated":true}]}}