{"id":1200,"date":"2022-05-04T17:01:00","date_gmt":"2022-05-04T15:01:00","guid":{"rendered":"https:\/\/www.france-serres.com\/wordpress\/?p=1200"},"modified":"2026-02-17T16:48:19","modified_gmt":"2026-02-17T15:48:19","slug":"culture-du-melon","status":"publish","type":"post","link":"https:\/\/www.france-serres.com\/blog\/culture\/culture-du-melon","title":{"rendered":"Culture du melon sous serre de jardin"},"content":{"rendered":"<div class=\"gb-container gb-container-5121b7f6 summary\"><div class=\"gb-inside-container\">\n\n<h3 class=\"gb-headline gb-headline-31b43c25 gb-headline-text\">Dans cet article<\/h3>\n\n\n<div class=\"gb-container gb-container-c402f8a2\"><div class=\"gb-inside-container\">\n\n<ol class=\"wp-block-list\">\n<li><a href=\"#generalites\">G\u00e9n\u00e9ralit\u00e9s sur le melon<\/a><\/li>\n\n\n\n<li><a href=\"#culture\">Conditions de culture<\/a><\/li>\n\n\n\n<li><a href=\"#semis\"><\/a><a href=\"#semis\">Semis et plantation<\/a><\/li>\n\n\n\n<li><a href=\"#entretien\"><\/a><a href=\"#entretien\">Entretien (arrosage, fertilisation et taille)<\/a><\/li>\n\n\n\n<li><a href=\"#fecondation\">Pollinisation (f\u00e9condation)<\/a><\/li>\n\n\n\n<li><a href=\"#recolte\">R\u00e9colte<\/a><\/li>\n\n\n\n<li><a href=\"#maladies\">Maladies et ravageurs du melon<\/a><\/li>\n<\/ol>\n\n<\/div><\/div>\n<\/div><\/div>\n\n\n<h2 class=\"gb-headline gb-headline-f18bddc1 gb-headline-text\" id=\"generalites\">G\u00e9n\u00e9ralit\u00e9s sur le melon<\/h2>\n\n\n\n<p>Le&nbsp;<strong>melon (nom scientifique&nbsp;<em>Cucumis melo<\/em><\/strong>) est un fruit de la&nbsp;<strong>famille des cucurbitac\u00e9es<\/strong>&nbsp;comme la courge, le&nbsp;<a href=\"https:\/\/www.france-serres.com\/blog\/culture\/culture-du-concombre-en-serre\">concombre<\/a>&nbsp;ou la past\u00e8que (parfois appel\u00e9e melon d\u2019eau). Sachez d\u2019ailleurs que la past\u00e8que n&rsquo;est pas une vari\u00e9t\u00e9 de melon puisqu&rsquo;elle est du genre&nbsp;<em>Citrullus<\/em>&nbsp;et non pas&nbsp;<em>Cucumis<\/em>&nbsp;comme le melon.<\/p>\n\n\n\n<p>Le melon poss\u00e8de de&nbsp;<strong>longues tiges rampantes<\/strong>&nbsp;voire envahissantes. Elles ne sont pas volubiles et n\u2019ont donc pas la capacit\u00e9 de grimper toutes seules sans votre aide. Si vous ne disposez pas de suffisamment de surface au sol, un palissage ou un treillis seront indispensables pour faire pousser les melons verticalement et gagner de la place dans votre serre de jardin.<\/p>\n\n\n\n<h3 class=\"gb-headline gb-headline-2e8c2170 gb-headline-text\">Vari\u00e9t\u00e9s de melons<\/h3>\n\n\n\n<p>On recense&nbsp;<strong>pr\u00e8s d\u2019un millier de vari\u00e9t\u00e9s de melon diff\u00e9rentes<\/strong>&nbsp;qui se distinguent autant par leur forme (ronde ou allong\u00e9e), que par leur peau (lisse ou \u00ab brod\u00e9e \u00bb), leur couleur et bien s\u00fbr leur go\u00fbt.<\/p>\n\n\n\n<p>Les principales vari\u00e9t\u00e9s de melon cultiv\u00e9es et les types vari\u00e9taux les plus connus&nbsp;:<\/p>\n\n\n<div class=\"gb-grid-wrapper gb-grid-wrapper-cfd9ec9a\">\n<div class=\"gb-grid-column gb-grid-column-f0cedfbb\"><div class=\"gb-container gb-container-f0cedfbb\"><div class=\"gb-inside-container\">\n\n<figure class=\"wp-block-image size-full\"><img loading=\"lazy\" decoding=\"async\" width=\"500\" height=\"400\" src=\"https:\/\/www.france-serres.com\/blog\/wp-content\/uploads\/variete-melon-cantaloup.webp\" alt=\"vari\u00e9t\u00e9 de melon cantaloup\" class=\"wp-image-1189\" srcset=\"https:\/\/www.france-serres.com\/blog\/wp-content\/uploads\/variete-melon-cantaloup.webp 500w, https:\/\/www.france-serres.com\/blog\/wp-content\/uploads\/variete-melon-cantaloup-300x240.webp 300w\" sizes=\"auto, (max-width: 420px) 300px, (min-width: 421px) 768px, (min-width: 725px) 1024px\" \/><figcaption class=\"wp-element-caption\">Melon Cantaloup (dont le tr\u00e8s connu cantaloup charentais reconnaissable \u00e0 ses sillons et son cousin le charentais brod\u00e9), une vari\u00e9t\u00e9 originaire du village italien de Cantalupo, pr\u00e8s de Rome. C&rsquo;est le plus cultiv\u00e9 en France.<\/figcaption><\/figure>\n\n<\/div><\/div><\/div>\n\n<div class=\"gb-grid-column gb-grid-column-efb0018d\"><div class=\"gb-container gb-container-efb0018d\"><div class=\"gb-inside-container\">\n\n<figure class=\"wp-block-image size-full\"><img loading=\"lazy\" decoding=\"async\" width=\"500\" height=\"400\" src=\"https:\/\/www.france-serres.com\/blog\/wp-content\/uploads\/variete-melon-sucrin.webp\" alt=\"vari\u00e9t\u00e9 de melon sucrin\" class=\"wp-image-1190\" srcset=\"https:\/\/www.france-serres.com\/blog\/wp-content\/uploads\/variete-melon-sucrin.webp 500w, https:\/\/www.france-serres.com\/blog\/wp-content\/uploads\/variete-melon-sucrin-300x240.webp 300w\" sizes=\"auto, (max-width: 420px) 300px, (min-width: 421px) 768px, (min-width: 725px) 1024px\" \/><figcaption class=\"wp-element-caption\">Les melons sucrins sont tr\u00e8s riches en sucre comme leur nom l\u2019indique. L\u2019un des plus r\u00e9put\u00e9 est le petit-gris de Rennes (repr\u00e9sent\u00e9 sur la photo ci-dessous).<\/figcaption><\/figure>\n\n<\/div><\/div><\/div>\n<\/div>\n\n<div class=\"gb-grid-wrapper gb-grid-wrapper-85550df3\">\n<div class=\"gb-grid-column gb-grid-column-5e1caace\"><div class=\"gb-container gb-container-5e1caace\"><div class=\"gb-inside-container\">\n\n<figure class=\"wp-block-image size-full\"><img loading=\"lazy\" decoding=\"async\" width=\"500\" height=\"400\" src=\"https:\/\/www.france-serres.com\/blog\/wp-content\/uploads\/variete-melon-brode.webp\" alt=\"vari\u00e9t\u00e9 de melon brod\u00e9\" class=\"wp-image-1191\" srcset=\"https:\/\/www.france-serres.com\/blog\/wp-content\/uploads\/variete-melon-brode.webp 500w, https:\/\/www.france-serres.com\/blog\/wp-content\/uploads\/variete-melon-brode-300x240.webp 300w\" sizes=\"auto, (max-width: 420px) 300px, (min-width: 421px) 768px, (min-width: 725px) 1024px\" \/><figcaption class=\"wp-element-caption\">Les melons brod\u00e9s sont une vari\u00e9t\u00e9 de melons \u00e0 la peau pleine de reliefs comme le Galia, un melon dot\u00e9 d\u2019une chair verte.<\/figcaption><\/figure>\n\n<\/div><\/div><\/div>\n\n<div class=\"gb-grid-column gb-grid-column-f683f69b\"><div class=\"gb-container gb-container-f683f69b\"><div class=\"gb-inside-container\">\n\n<figure class=\"wp-block-image size-full\"><img loading=\"lazy\" decoding=\"async\" width=\"500\" height=\"400\" src=\"https:\/\/www.france-serres.com\/blog\/wp-content\/uploads\/variete-melon-canari.webp\" alt=\"vari\u00e9t\u00e9 de melon canari\" class=\"wp-image-1192\" srcset=\"https:\/\/www.france-serres.com\/blog\/wp-content\/uploads\/variete-melon-canari.webp 500w, https:\/\/www.france-serres.com\/blog\/wp-content\/uploads\/variete-melon-canari-300x240.webp 300w\" sizes=\"auto, (max-width: 420px) 300px, (min-width: 421px) 768px, (min-width: 725px) 1024px\" \/><figcaption class=\"wp-element-caption\">Les melons d&rsquo;hiver peuvent se conserver pendant pr\u00e8s d\u2019un mois apr\u00e8s r\u00e9colte. Ces melons exigent des conditions de culture chaudes. Citons le Canari (photo), une vari\u00e9t\u00e9 d\u2019Espagne de couleur jaune et \u00e0 la forme allong\u00e9e. Dans notre pays, la vari\u00e9t\u00e9 Boule d\u2019or de couleur jaune \u00e0 la chair blanche est r\u00e9put\u00e9e.<\/figcaption><\/figure>\n\n<\/div><\/div><\/div>\n<\/div>\n\n\n<p><strong>En France<\/strong>, o\u00f9 l\u2019on d\u00e9nombre&nbsp;<strong>entre 250 et 300 vari\u00e9t\u00e9s de melons<\/strong>,&nbsp;<strong>98% sont de type charentais<\/strong>. Notre pays compte pas moins de&nbsp;<strong>trois IGP<\/strong>&nbsp;(indication g\u00e9ographique prot\u00e9g\u00e9e)&nbsp;: le&nbsp;<a href=\"https:\/\/fr.wikipedia.org\/wiki\/Melon_du_Haut-Poitou\" target=\"_blank\" rel=\"noreferrer noopener\">melon du Haut-Poitou<\/a>, le&nbsp;<a href=\"https:\/\/fr.wikipedia.org\/wiki\/Melon_du_Quercy\" target=\"_blank\" rel=\"noreferrer noopener\">melon du Quercy<\/a>&nbsp;et le&nbsp;<a href=\"https:\/\/fr.wikipedia.org\/wiki\/Melon_de_Guadeloupe\" target=\"_blank\" rel=\"noreferrer noopener\">melon de Guadeloupe<\/a>. Le r\u00e9put\u00e9&nbsp;<a href=\"https:\/\/fr.wikipedia.org\/wiki\/Melon_de_Cavaillon\" target=\"_blank\" rel=\"noreferrer noopener\">melon de Cavaillon<\/a>&nbsp;pourrait bient\u00f4t s\u2019ajouter \u00e0 cette liste.<\/p>\n\n\n\n<p>Notez que&nbsp;<strong>la plupart des vari\u00e9t\u00e9s cultiv\u00e9es sont d\u00e9sormais des hybrides<\/strong>, plus ais\u00e9es \u00e0 cultiver car plus&nbsp;<strong>r\u00e9sistantes aux maladies<\/strong>. Les semences que vous trouverez en jardinerie sont toutes des hybrides (de&nbsp;<strong>type F1<\/strong>&nbsp;c\u2019est-\u00e0-dire de 1\u00e8re g\u00e9n\u00e9ration). Meilleur rendement, pr\u00e9cocit\u00e9, qualit\u00e9 plus r\u00e9guli\u00e8re&#8230; si vous envisagez une production de melon sous serre,&nbsp;<strong>les hybrides offrent de gros avantages<\/strong>&nbsp;tant cette culture peut se r\u00e9v\u00e9ler al\u00e9atoire dans la moiti\u00e9 nord de la France.<\/p>\n\n\n\n<h3 class=\"gb-headline gb-headline-721d589f gb-headline-text\">Particularit\u00e9s sexuelles du melon<\/h3>\n\n\n\n<p>Le melon est une plante diff\u00e9rente des autres sur le plan sexuel.&nbsp;<strong>Contrairement \u00e0 la plupart des v\u00e9g\u00e9taux qui poss\u00e8dent des fleurs bisexu\u00e9es (hermaphrodites), le melon est unisexu\u00e9 et poss\u00e8de \u00e0 la fois des fleurs m\u00e2les et des fleurs femelles<\/strong>. On parle de fleurs \u00ab&nbsp;<strong>mono\u00efques<\/strong>&nbsp;\u00bb, incapables de se f\u00e9conder seules sans l\u2019aide d\u2019insectes pollinisateurs. Il existe aussi des vari\u00e9t\u00e9s \u00ab&nbsp;<strong>andromono\u00efques<\/strong>&nbsp;\u00bb qui portent des fleurs m\u00e2les et des fleurs bisexu\u00e9es.<\/p>\n\n\n\n<p>Autre fait particulier,&nbsp;<strong>les fleurs m\u00e2les se trouvent sur la tige principale<\/strong>, tandis que&nbsp;<strong>les fleurs femelles, celles qui donneront les fruits, se trouvent sur les tiges secondaires ou tertiaires<\/strong>&nbsp;et appara\u00eetront donc plus tardivement, jusqu\u2019\u00e0 plusieurs semaines apr\u00e8s.<\/p>\n\n\n\n<p>C\u2019est pour acc\u00e9l\u00e9rer l\u2019apparition des fleurs femelles, donc la fructification, que&nbsp;<strong>tailler le melon est une \u00e9tape incontournable<\/strong>&nbsp;(voir le&nbsp;<a href=\"https:\/\/www.france-serres.com\/blog\/culture\/culture-du-melon#taille\">paragraphe sur la taille du melon<\/a>). Sans coupe, les fruits risques d\u2019arriver \u00e0 maturation tr\u00e8s tard dans la saison, lorsque la chaleur ne sera plus suffisante pour garantir un bon taux de sucre.<\/p>\n\n\n\n<p>Bien s\u00fbr,&nbsp;<strong>vous trouverez des semences hybrides, dites \u00ab sans taille \u00bb<\/strong>&nbsp;qui contournent le probl\u00e8me en donnant \u00e0 la fois des fleurs m\u00e2les et femelles sur la m\u00eame tige.<\/p>\n\n\n\n<figure class=\"wp-block-image size-full\"><img loading=\"lazy\" decoding=\"async\" width=\"1000\" height=\"511\" src=\"https:\/\/www.france-serres.com\/blog\/wp-content\/uploads\/stades-developpement-melon.webp\" alt=\"stades de d\u00e9veloppement du melon\" class=\"wp-image-1198\" srcset=\"https:\/\/www.france-serres.com\/blog\/wp-content\/uploads\/stades-developpement-melon.webp 1000w, https:\/\/www.france-serres.com\/blog\/wp-content\/uploads\/stades-developpement-melon-300x153.webp 300w, https:\/\/www.france-serres.com\/blog\/wp-content\/uploads\/stades-developpement-melon-768x392.webp 768w\" sizes=\"auto, (max-width: 420px) 300px, (min-width: 421px) 768px, (min-width: 725px) 1024px\" \/><figcaption class=\"wp-element-caption\">Les diff\u00e9rents stades de croissance du melon<\/figcaption><\/figure>\n\n\n\n<h2 class=\"gb-headline gb-headline-d476299e gb-headline-text\" id=\"culture\">Conditions de culture du melon<\/h2>\n\n\n\n<p><strong>Le melon exige une terre riche en humus ou argileuse mais bien drain\u00e9e<\/strong>. Un sol trop sableux ou sablonneux conduira \u00e0 des melons qui manquent de saveur. Si la terre de votre serre vous semble trop l\u00e9g\u00e8re,&nbsp;<strong>un amendement par un apport de terre argileuse permettra de donner plus de corps \u00e0 votre sol<\/strong>.<\/p>\n\n\n\n<p>Pour pousser dans des conditions favorables et avoir un maximum de go\u00fbt,&nbsp;<strong>le melon a \u00e9galement besoin de chaleur et de beaucoup de soleil<\/strong>. Si vous r\u00e9sidez au nord de la Loire,&nbsp;<strong>une&nbsp;serre se r\u00e9v\u00e8lera incontournable<\/strong>. Veillez \u00e0 choisir l\u2019emplacement le plus ensoleill\u00e9 de votre jardin, \u00e0 l\u2019abri du vent et des ombres projet\u00e9es.&nbsp;<strong>Une mauvaise exposition et un manque de lumi\u00e8re se traduira par des melons \u00ab \u00e9crits \u00bb<\/strong>, c\u2019est-\u00e0-dire \u00e0 l\u2019aspect brod\u00e9.<\/p>\n\n\n<div class=\"gb-container gb-container-774b80e1 warning\"><div class=\"gb-inside-container\">\n\n<h3 class=\"gb-headline gb-headline-1c4a425c gb-headline-text\">Lire aussi<\/h3>\n\n\n\n<div class=\"wp-block-query is-layout-flow wp-block-query-is-layout-flow\"><ul class=\"wp-block-post-template is-layout-flow wp-block-post-template-is-layout-flow\"><li class=\"wp-block-post post-1374 post type-post status-publish format-standard has-post-thumbnail hentry category-culture tag-90 generate-columns tablet-grid-50 mobile-grid-100 grid-parent grid-33 no-featured-image-padding\">\n<div class=\"gb-grid-wrapper gb-grid-wrapper-d530089b latest-posts-sidebar other_post_img\">\n<div class=\"gb-grid-column gb-grid-column-c73ebbc7\"><div class=\"gb-container gb-container-c73ebbc7 col01\"><div class=\"gb-inside-container\">\n<figure style=\"width:140px;height:100px;\" class=\"wp-block-post-featured-image\"><a href=\"https:\/\/www.france-serres.com\/blog\/culture\/culture-de-fraises\" target=\"_self\"  style=\"height:100px\"><img loading=\"lazy\" decoding=\"async\" width=\"150\" height=\"150\" src=\"https:\/\/www.france-serres.com\/blog\/wp-content\/uploads\/culture-fraises-serre-150x150.webp\" class=\"attachment-thumbnail size-thumbnail wp-post-image\" alt=\"Culture des fraises sous serre de jardin\" style=\"height:100px;object-fit:contain;\" \/><\/a><\/figure>\n<\/div><\/div><\/div>\n\n<div class=\"gb-grid-column gb-grid-column-62bdc339\"><div class=\"gb-container gb-container-62bdc339\"><div class=\"gb-inside-container\">\n<h6 style=\"font-size:17px;font-style:normal;font-weight:600;\" class=\"wp-block-post-title\"><a href=\"https:\/\/www.france-serres.com\/blog\/culture\/culture-de-fraises\" target=\"_self\" >Culture des fraises sous serre de jardin<\/a><\/h6>\n<\/div><\/div><\/div>\n<\/div>\n<\/li><\/ul><\/div>\n\n<\/div><\/div>\n\n\n<p>Mais une serre de type&nbsp;serre tunnel n\u2019est pas r\u00e9serv\u00e9e qu\u2019aux r\u00e9gions les plus septentrionales, les jardiniers des d\u00e9partements de la moiti\u00e9 sud de la France pourront aussi avoir besoin d&rsquo;abri pour leurs semis.&nbsp;<strong>Les graines de melon \u00e9tant tr\u00e8s sensibles \u00e0 la temp\u00e9rature et \u00e0 la lumi\u00e8re<\/strong>, elles auront besoin de suffisamment de chaleur pour germer et cro\u00eetre rapidement.&nbsp;<strong>Comptez au minimum 15\u00b0C la nuit et entre 24 et 35\u00b0C la journ\u00e9e<\/strong>.<\/p>\n\n\n\n<p>Pour ce qui est du \u00ab voisinage \u00bb du melon,&nbsp;<strong>\u00e9vitez de cultiver en m\u00eame temps d\u2019autres cucurbitac\u00e9es sous votre serre<\/strong>. Les courges, concombres et autres courgettes risqueraient de priver vos melons de pr\u00e9cieux \u00e9l\u00e9ments nutritifs. Surtout,&nbsp;<strong>vous augmenterez le risque de propager les maladies ou les ravageurs d\u2019une plante \u00e0 une autre<\/strong>&nbsp;en associant les melons avec d\u2019autres v\u00e9g\u00e9taux de la m\u00eame famille.<\/p>\n\n\n\n<h2 class=\"gb-headline gb-headline-bf86a1b4 gb-headline-text\" id=\"semis\">Semis et plantation du melon<\/h2>\n\n\n\n<p><strong>Le melon est exigeant sur le plan climatique<\/strong>. Le moindre \u00e9cart de temp\u00e9rature pourra compl\u00e8tement ruiner vos semis. Une difficult\u00e9 qui explique pourquoi beaucoup de jardiniers amateurs s\u2019orientent vers l\u2019achat de pieds de melon \u00ab pr\u00eats \u00e0 planter \u00bb. Mais&nbsp;<strong>si vous avez la chance de poss\u00e9der une serre de jardin, pourquoi ne pas tenter les semis<\/strong>&nbsp;? C\u2019est tellement plus gratifiant et ludique pour les enfants.<\/p>\n\n\n\n<h3 class=\"gb-headline gb-headline-ada9ac89 gb-headline-text\">Semer des graines de melon<\/h3>\n\n\n\n<p>Il n\u2019y a&nbsp;<strong>rien de plus simple que de planter des graines de melon<\/strong>. Le seul <a href=\"https:\/\/www.france-serres.com\/161-materiel-de-semis-sous-serre\">mat\u00e9riel pour semis<\/a> n\u00e9cessaire se limitera \u00e0 une serre de jardin, un <a href=\"https:\/\/www.france-serres.com\/materiel-de-semis-sous-serre\/354-kit-de-germination-sur-mesure.html\">kit de germination<\/a> et du terreau.<br>La&nbsp;<strong>bonne p\u00e9riode pour semer s\u2019\u00e9tale de mars \u00e0 fin mai<\/strong>, en pr\u00e9vision d\u2019un repiquage apr\u00e8s les saints de glace.<\/p>\n\n\n\n<h4 class=\"wp-block-heading\">Comment semer \u00e9tape par \u00e9tape&nbsp;:<\/h4>\n\n\n\n<ol class=\"wp-block-list\">\n<li>Remplissez les godets ou les alv\u00e9oles de terreau comme du fumier m\u00fbr<\/li>\n\n\n\n<li>Semez 2 ou 3 graines de melon \u00e0 environ 1 ou 2 cm de profondeur,&nbsp;<strong>pointe dirig\u00e9e vers le bas<\/strong><\/li>\n\n\n\n<li>Tassez la terre et&nbsp;<strong>arrosez en pluie fine d\u00e9licatement<\/strong>. Le terreau devra&nbsp;<strong>rester humide<\/strong>&nbsp;par la suite.<\/li>\n\n\n\n<li>Installez les godets au soleil dans votre serre, l\u2019utilisation d\u2019une&nbsp;<a href=\"https:\/\/www.france-serres.com\/accessoires-pieces-detachees-pour-serres-de-jardin\/185-etagere-suspendue-avec-4-bacs-de-culture-pour-serre-tunnel-de-jardin.html\">\u00e9tag\u00e8re de culture<\/a>&nbsp;peut \u00eatre utile pour gagner en place<\/li>\n\n\n\n<li>Conservez&nbsp;<strong>les deux plus beaux plants<\/strong>&nbsp;lorsqu\u2019ils auront d\u00e9velopp\u00e9&nbsp;<strong>3 ou 4 feuilles<\/strong>&nbsp;(les deux premi\u00e8res feuilles \u00e0 sortir de terre sont des cotyl\u00e9dons et pas des feuilles v\u00e9ritables)<\/li>\n\n\n\n<li>Retirez les cotyl\u00e9dons<\/li>\n<\/ol>\n\n\n\n<figure class=\"wp-block-image size-full\"><img loading=\"lazy\" decoding=\"async\" width=\"1000\" height=\"500\" src=\"https:\/\/www.france-serres.com\/blog\/wp-content\/uploads\/semis-graines-melon.webp\" alt=\"semis de graines de melon en serre\" class=\"wp-image-1193\" srcset=\"https:\/\/www.france-serres.com\/blog\/wp-content\/uploads\/semis-graines-melon.webp 1000w, https:\/\/www.france-serres.com\/blog\/wp-content\/uploads\/semis-graines-melon-300x150.webp 300w, https:\/\/www.france-serres.com\/blog\/wp-content\/uploads\/semis-graines-melon-768x384.webp 768w\" sizes=\"auto, (max-width: 420px) 300px, (min-width: 421px) 768px, (min-width: 725px) 1024px\" \/><\/figure>\n\n\n\n<h3 class=\"gb-headline gb-headline-439695b2 gb-headline-text\">Plantation (repiquage) des plants de melon<\/h3>\n\n\n\n<p>Les pieds de melon que vous avez obtenu apr\u00e8s semis&nbsp;<strong>seront repiqu\u00e9s environ 25 \u00e0 30 jours plus tard<\/strong>. La plantation aura lieu entre la mi-mai et d\u00e9but juin, une fois que le risque de gel\u00e9es sera \u00e9cart\u00e9 et que la&nbsp;<strong>temp\u00e9rature sous votre serre sera d\u2019au moins 12\u00b0C la nuit<\/strong>.<br>Si vous souhaitez acheter vos plants en jardinerie,&nbsp;<strong>s\u00e9lectionnez les plus sains et vigoureux<\/strong>, g\u00e9n\u00e9ralement ceux dot\u00e9s d\u2019un&nbsp;<strong>feuillage bien vert et d\u00e9velopp\u00e9<\/strong>.<br>Vous aurez pris soin de pr\u00e9parer votre sol avant le repiquage par un&nbsp;<strong>apport en <a href=\"https:\/\/www.france-serres.com\/blog\/astuces\/guide-compost\">compost<\/a><\/strong>&nbsp;(comptez environ 4kg de fumier m\u00fbr par m\u00b2). Celui-ci&nbsp;<strong>couvrira les besoins en potasse, magn\u00e9sium et phosphore<\/strong>.<\/p>\n\n\n\n<h4 class=\"wp-block-heading\">Comment planter les melons \u00e9tape par \u00e9tape&nbsp;:<\/h4>\n\n\n\n<ol class=\"wp-block-list\">\n<li>Creusez des trous de plantation de 40cm de profondeur \u00e0 environ&nbsp;<strong>1m d\u2019intervalle<\/strong>&nbsp;(les melons s\u2019\u00e9talent et risquent de se faire concurrence si vous les placez trop pr\u00e8s les uns des autres. il pourraient aussi se transmettre des maladies).<\/li>\n\n\n\n<li>D\u00e9posez du compost bien d\u00e9compos\u00e9 ou du fumier suffisamment m\u00fbr au fond de chaque trou<\/li>\n\n\n\n<li>Positionnez vos plants dans chacun des trous et recouvrez-les d\u00e9licatement pour&nbsp;<strong>pr\u00e9server les racines<\/strong>&nbsp;(des racines fragilis\u00e9es ne pourront pas donner de beaux melons)<\/li>\n\n\n\n<li>Arrosez d\u00e9licatement sans exc\u00e8s et&nbsp;<strong>sans mouiller le feuillage<\/strong><\/li>\n\n\n\n<li>Si votre serre est visit\u00e9e par des limaces,&nbsp;<strong>entourez les plants par de la cendre de bois<\/strong>&nbsp;pour les d\u00e9courager, la cendre apportera aussi de la potasse qui favorisera la fructification<\/li>\n\n\n\n<li>Paillez sans exc\u00e8s pour conserver la chaleur du sol et maintenir l\u2019humidit\u00e9.&nbsp;<strong>Les racines ne pourront pas se d\u00e9velopper correctement dans un sol sec<\/strong>&nbsp;et les plants risques d\u2019\u00eatre peu vigoureux.<\/li>\n<\/ol>\n\n\n<div class=\"gb-container gb-container-1e0af801 conclusion\"><div class=\"gb-inside-container\">\n\n<h2 class=\"gb-headline gb-headline-f933607b gb-headline-text\">Fragilit\u00e9 des jeunes melons<\/h2>\n\n\n\n<p>En nombre limit\u00e9, <a href=\"https:\/\/www.france-serres.com\/blog\/astuces\/astuces-naturelles-contre-limaces-escargots\">limaces et escargots<\/a> ne causent pas de d\u00e9g\u00e2ts trop importants dans les jardins et sont m\u00eame b\u00e9n\u00e9fiques \u00e0 la bonne sant\u00e9 de votre potager. Il faut cependant veiller \u00e0 ce que les limaces ne se multiplient pas pour que vos plantations ne soient pas d\u00e9truites. L\u2019important est de garder un \u00e9quilibre naturel, en favorisant l\u2019\u00e9panouissement de la faune et de la flore de votre jardin. Le but n\u2019est donc pas d\u2019\u00e9radiquer compl\u00e8tement les limaces ou les escargots. Mais plut\u00f4t de privil\u00e9gier la lutte naturelle et raisonn\u00e9e, en laissant leur place aux auxiliaires, de fa\u00e7on \u00e0 respecter le sol de votre jardin et les diff\u00e9rents animaux qui y vivent.<\/p>\n\n<\/div><\/div>\n\n\n<h2 class=\"gb-headline gb-headline-3a334fca gb-headline-text\" id=\"entretien\">Entretien des pieds de melon<\/h2>\n\n\n\n<h3 class=\"gb-headline gb-headline-d63d5943 gb-headline-text\">Arrosage<\/h3>\n\n\n\n<p><strong>Le melon est une plante qui n\u00e9cessite de gros apports en eau<\/strong>. Il appr\u00e9cie les&nbsp;<strong>arrosages fr\u00e9quents et r\u00e9guliers<\/strong>. Le seul point de vigilance consistera \u00e0 ne surtout pas mouiller les feuilles pour \u00e9viter tout risque de d\u00e9veloppement de maladies cryptogamiques (voir le paragraphe&nbsp;<a href=\"https:\/\/www.france-serres.com\/blog\/culture\/culture-du-melon#maladies\">maladies<\/a>).<\/p>\n\n\n\n<p>Pour r\u00e9duire l\u2019\u00e9vaporation et limiter les arrosages,&nbsp;<strong>un paillage v\u00e9g\u00e9tal pourra \u00eatre dispos\u00e9 au pied de vos plants<\/strong>. Des r\u00e9sidus de tonte pourront faire office de paillage naturel.<\/p>\n\n\n\n<p>Parmi les syst\u00e8mes d\u2019arrosage \u00e9conomiques, citons le syst\u00e8me&nbsp;<a href=\"https:\/\/www.france-serres.com\/blog\/tutoriels\/comment-installer-un-goutte-a-goutte-dans-votre-serre\">goutte-\u00e0-goutte<\/a>, qui offre l\u2019avantage de ne pas \u00ab noyer \u00bb les melons et d&rsquo;\u00e9viter l&rsquo;humidit\u00e9 excessive sous votre serre.<\/p>\n\n\n\n<p>Sachez enfin qu\u2019il est recommand\u00e9 de&nbsp;<strong>stopper l\u2019arrosage 2 semaines \u00e0 15 jours avant la r\u00e9colte du melon<\/strong>, pour&nbsp;<strong>concentrer la saveur et les sucres dans le fruit<\/strong>.<\/p>\n\n\n<div class=\"gb-container gb-container-e640531e conclusion\"><div class=\"gb-inside-container\">\n\n<h3 class=\"gb-headline gb-headline-a8aa0e34 gb-headline-text\"><strong><strong><strong><strong>Arrosez par le c\u00f4t\u00e9 du monticule<\/strong><\/strong><\/strong><\/strong><\/h3>\n\n\n\n<p>Les melons sont tr\u00e8s sensibles au pourrissement du collet (la base de la tige). Pour \u00e9viter cela, une source conseille de planter le melon sur un petit monticule de terre et de <strong>creuser un trou sur le c\u00f4t\u00e9 de ce monticule<\/strong> pour y verser l&rsquo;eau. Cette technique permet d&rsquo;acheminer l&rsquo;humidit\u00e9 directement aux racines profondes tout en gardant la base de la tige bien au sec \u00e0 la surface.<\/p>\n\n<\/div><\/div>\n\n<div class=\"gb-container gb-container-774b80e1 warning\"><div class=\"gb-inside-container\">\n\n<h3 class=\"gb-headline gb-headline-1c4a425c gb-headline-text\">Lire aussi<\/h3>\n\n\n\n<div class=\"wp-block-query is-layout-flow wp-block-query-is-layout-flow\"><ul class=\"wp-block-post-template is-layout-flow wp-block-post-template-is-layout-flow\"><li class=\"wp-block-post post-2956 post type-post status-publish format-standard has-post-thumbnail hentry category-culture tag-116 generate-columns tablet-grid-50 mobile-grid-100 grid-parent grid-33 no-featured-image-padding\">\n<div class=\"gb-grid-wrapper gb-grid-wrapper-d530089b latest-posts-sidebar other_post_img\">\n<div class=\"gb-grid-column gb-grid-column-c73ebbc7\"><div class=\"gb-container gb-container-c73ebbc7 col01\"><div class=\"gb-inside-container\">\n<figure style=\"width:100px;height:100px;\" class=\"wp-block-post-featured-image\"><a href=\"https:\/\/www.france-serres.com\/blog\/culture\/arrosage-melon\" target=\"_self\"  style=\"height:100px\"><img loading=\"lazy\" decoding=\"async\" width=\"150\" height=\"150\" src=\"https:\/\/www.france-serres.com\/blog\/wp-content\/uploads\/arrosage-du-melon-150x150.webp\" class=\"attachment-thumbnail size-thumbnail wp-post-image\" alt=\"Comment arroser les melons\u00a0?\" style=\"height:100px;object-fit:contain;\" \/><\/a><\/figure>\n<\/div><\/div><\/div>\n\n<div class=\"gb-grid-column gb-grid-column-62bdc339\"><div class=\"gb-container gb-container-62bdc339\"><div class=\"gb-inside-container\">\n<h6 style=\"font-size:17px;font-style:normal;font-weight:600;\" class=\"wp-block-post-title\"><a href=\"https:\/\/www.france-serres.com\/blog\/culture\/arrosage-melon\" target=\"_self\" >Comment arroser les melons\u00a0?<\/a><\/h6>\n<\/div><\/div><\/div>\n<\/div>\n<\/li><\/ul><\/div>\n\n<\/div><\/div>\n\n\n<h3 class=\"gb-headline gb-headline-ad03c23d gb-headline-text\">Fertilisation<\/h3>\n\n\n\n<p><strong>Le melon a des besoins importants en \u00e9l\u00e9ments nutritifs<\/strong>. D\u00e8s la plantation et si les jeunes plants de melon peinent \u00e0 se d\u00e9velopper, incorporez du purin d\u2019ortie pour un bon apport en azote. N\u2019en abusez pas sous peine de favoriser une forte croissance des feuilles, lesquelles attireront in\u00e9vitablement les pucerons et les acariens<\/p>\n\n\n\n<p>En cours de culture,&nbsp;<strong>le melon aura davantage besoin de potasse mais aussi d\u2019oligo\u00e9l\u00e9ments comme le bore et le molybd\u00e8ne<\/strong>. Des carences conduiront \u00e0 un mauvais d\u00e9veloppement racinaire et par un aspect anormal des feuilles. Parmi les engrais bio, la vinasse de betterave est un fertilisant recommand\u00e9 par beaucoup de jardiniers.<\/p>\n\n\n\n<h3 class=\"gb-headline gb-headline-e9f3b939 gb-headline-text\">Taille du melon<\/h3>\n\n\n\n<p>Comme pr\u00e9cis\u00e9 au paragraphe sur la \u00ab&nbsp;<a href=\"https:\/\/www.france-serres.com\/blog\/culture\/culture-du-melon#sexualite_melon\">sexualit\u00e9 du melon<\/a>&nbsp;\u00bb,&nbsp;<strong>la coupe est indispensable chez les vari\u00e9t\u00e9s traditionnelles<\/strong>&nbsp;(non hybrides) pour obtenir plus vite des fleurs femelles. Elles-seules donneront des fruits.<\/p>\n\n\n\n<p>Concernant les vari\u00e9t\u00e9s hybrides, qui n\u2019ont pas besoin d\u2019\u00eatre taill\u00e9es, seule la premi\u00e8re coupe est utile.&nbsp;<strong>Vous acc\u00e9l\u00e9rerez la fructification en \u00e9t\u00eatant ainsi votre plant de melon<\/strong>.<\/p>\n\n\n\n<figure class=\"wp-block-image size-full\"><img loading=\"lazy\" decoding=\"async\" width=\"1000\" height=\"700\" src=\"https:\/\/www.france-serres.com\/blog\/wp-content\/uploads\/distinguer-sexe-fleurs-melon.webp\" alt=\"distinguer le sexe d'une fleur de melon\" class=\"wp-image-1199\" srcset=\"https:\/\/www.france-serres.com\/blog\/wp-content\/uploads\/distinguer-sexe-fleurs-melon.webp 1000w, https:\/\/www.france-serres.com\/blog\/wp-content\/uploads\/distinguer-sexe-fleurs-melon-300x210.webp 300w, https:\/\/www.france-serres.com\/blog\/wp-content\/uploads\/distinguer-sexe-fleurs-melon-768x538.webp 768w\" sizes=\"auto, (max-width: 420px) 300px, (min-width: 421px) 768px, (min-width: 725px) 1024px\" \/><figcaption class=\"wp-element-caption\">Comment distinguer le sexe d&rsquo;une fleur de melon<\/figcaption><\/figure>\n\n\n\n<h4 class=\"wp-block-heading\">La coupe du melon \u00e9tape par \u00e9tape (avant la formation des fruits)&nbsp;:<\/h4>\n\n\n\n<ol class=\"wp-block-list\">\n<li>Quand le plant a d\u00e9velopp\u00e9 4 v\u00e9ritables feuilles,&nbsp;<strong>coupez (ou pincez avec les ongles) la tige principale apr\u00e8s la deuxi\u00e8me feuille<\/strong>. Cette coupe conduira \u00e0 la pousse de deux rameaux.<\/li>\n\n\n\n<li>Une fois que les rameaux porteront chacun 5 feuilles,&nbsp;<strong>taillez-les ou proc\u00e9dez \u00e0 un pincement apr\u00e8s la troisi\u00e8me feuille<\/strong>. De nouveaux rameaux secondaires vont appara\u00eetre. Parfois (ce n\u2019est pas syst\u00e9matique), des fleurs femelles se d\u00e9velopperont sur ces rameaux.<\/li>\n\n\n\n<li>Si des fleurs femelles ont apparus, laissez pousser le plant. En absence de fleur,&nbsp;<strong>taillez une nouvelle fois ces nouveaux rameaux de deuxi\u00e8me g\u00e9n\u00e9ration apr\u00e8s la troisi\u00e8me feuille<\/strong>.<\/li>\n\n\n\n<li>Les rameaux de troisi\u00e8me g\u00e9n\u00e9ration ont d\u00e9sormais pouss\u00e9s et des fleurs femelles s\u2019y sont sans doute d\u00e9velopp\u00e9es. Laissez maintenant les insectes faire leur travail de pollinisation.<\/li>\n\n\n\n<li>Apr\u00e8s f\u00e9condation, et lorsque les premiers melons commencent \u00e0 se former, couper la tige une ou deux feuilles au-dessus d\u2019eux.&nbsp;<strong>Ne conservez qu\u2019un seul des fruits lorsque celui-ci aura atteint la taille d\u2019une noix<\/strong>.<\/li>\n<\/ol>\n\n\n\n<h2 class=\"gb-headline gb-headline-89fdaa4c gb-headline-text\" id=\"fecondation\">Pollinisation (f\u00e9condation) du melon<\/h2>\n\n\n\n<p><strong>Seules les fleurs f\u00e9cond\u00e9es donneront un melon<\/strong>&nbsp;et jusqu\u2019\u00e0 80% de ces fleurs f\u00e9cond\u00e9es avorteront.&nbsp;<strong>La f\u00e9condation des fleurs est donc une \u00e9tape critique<\/strong>&nbsp;de la culture des melons, g\u00e9n\u00e9ralement effectu\u00e9e par des&nbsp;<strong>insectes pollinisateurs<\/strong>&nbsp;comme les abeilles ou les bourdons. Mais, fait \u00e9tonnant,&nbsp;<strong>une fleur femelle ne reste ouverte pas plus d\u2019une journ\u00e9e<\/strong>, il arrive donc que les insectes ne viennent tout simplement pas butiner les fleurs faute de voir les fleurs&nbsp;! Le plus souvent, l&rsquo;absence de butineurs est due \u00e0 la m\u00e9t\u00e9o (les insectes volants d\u00e9testent la pluie).<br>Sous serre de jardin, le risque que les butineurs \u00ab ratent \u00bb les fleurs est encore plus \u00e9lev\u00e9. Veillez donc \u00e0 laisser grandes ouvertes les portes et les fen\u00eatres de votre serre de jardin.&nbsp;<a href=\"https:\/\/www.france-serres.com\/blog\/culture\/pourquoi-et-comment-aerer-une-serre\">A\u00e9rer une serre<\/a>&nbsp;est imp\u00e9ratif.<br>Les professionnels installent g\u00e9n\u00e9ralement des ruches \u00e0 proximit\u00e9 de leurs cultures de melon pour augmenter les chances de pollinisation. Sachez qu\u2019il est tout \u00e0 fait possible de&nbsp;<strong>polliniser vous-m\u00eame les fleurs \u00e0 la main<\/strong>&nbsp;pour peu que vous ayez assez de patience.<\/p>\n\n\n<div class=\"gb-container gb-container-224a55c2 warning\"><div class=\"gb-inside-container\">\n\n<h3 class=\"gb-headline gb-headline-4dc59a4b gb-headline-text\">Lire aussi<\/h3>\n\n\n\n<div class=\"wp-block-query is-layout-flow wp-block-query-is-layout-flow\"><ul class=\"wp-block-post-template is-layout-flow wp-block-post-template-is-layout-flow\"><li class=\"wp-block-post post-1109 post type-post status-publish format-standard has-post-thumbnail hentry category-culture tag-67 generate-columns tablet-grid-50 mobile-grid-100 grid-parent grid-33 no-featured-image-padding\">\n<div class=\"gb-grid-wrapper gb-grid-wrapper-e7e95ed9 latest-posts-sidebar other_post_img\">\n<div class=\"gb-grid-column gb-grid-column-5b158605\"><div class=\"gb-container gb-container-5b158605 col01\"><div class=\"gb-inside-container\">\n<figure style=\"width:140px;height:100px;\" class=\"wp-block-post-featured-image\"><a href=\"https:\/\/www.france-serres.com\/blog\/culture\/culture-de-tomates\" target=\"_self\"  style=\"height:100px\"><img loading=\"lazy\" decoding=\"async\" width=\"150\" height=\"150\" src=\"https:\/\/www.france-serres.com\/blog\/wp-content\/uploads\/culture-tomate-sous-serre-jardin-150x150.webp\" class=\"attachment-thumbnail size-thumbnail wp-post-image\" alt=\"Cultiver des tomates sous serre&nbsp;: guide complet de A \u00e0 Z\" style=\"height:100px;object-fit:contain;\" \/><\/a><\/figure>\n<\/div><\/div><\/div>\n\n<div class=\"gb-grid-column gb-grid-column-e965e7fb\"><div class=\"gb-container gb-container-e965e7fb\"><div class=\"gb-inside-container\">\n<h6 style=\"font-size:17px;font-style:normal;font-weight:600;\" class=\"wp-block-post-title\"><a href=\"https:\/\/www.france-serres.com\/blog\/culture\/culture-de-tomates\" target=\"_self\" >Cultiver des tomates sous serre&nbsp;: guide complet de A \u00e0 Z<\/a><\/h6>\n<\/div><\/div><\/div>\n<\/div>\n<\/li><\/ul><\/div>\n\n<\/div><\/div>\n\n\n<h3 class=\"gb-headline gb-headline-6847cd12 gb-headline-text\">Pollinisation \u00e0 la main<\/h3>\n\n\n\n<p>Parfois, la seule solution consiste \u00e0&nbsp;<strong>f\u00e9conder les fleurs \u00e0 la main<\/strong>. Rep\u00e9rez les fleurs m\u00e2les, celles qui sont d\u00e9pourvus de renflement \u00e0 leur base, et pr\u00e9levez le pollen qui se trouve sur l\u2019\u00e9tamine \u00e0 l\u2019aide d\u2019un pinceau. Vous pouvez aussi couper compl\u00e8tement la fleur m\u00e2le.<br>Recherchez ensuite une fleur femelle, et&nbsp;<strong>appliquez le pollen pr\u00e9c\u00e9demment pr\u00e9lev\u00e9 sur le stigmate<\/strong>, \u00e0 l\u2019int\u00e9rieur de la fleur.<\/p>\n\n\n\n<p>Dans un souci de diversit\u00e9 g\u00e9n\u00e9tique,&nbsp;<strong>\u00e9vitez l\u2019autof\u00e9condation<\/strong>,&nbsp;<strong>c\u2019est-\u00e0-dire de f\u00e9conder une fleur femelle avec une fleur m\u00e2le d\u2019un m\u00eame pied<\/strong>. La f\u00e9condation crois\u00e9e d\u2019un pied \u00e0 un autre est toujours \u00e0 privil\u00e9gier. Pr\u00e9levez le pollen d\u2019un plan et appliquez-le sur une fleur femelle du plan d\u2019\u00e0-c\u00f4t\u00e9.&nbsp;<strong>\u00c9vitez par contre de croiser des vari\u00e9t\u00e9s de melon de types diff\u00e9rents entre elles<\/strong>&nbsp;(par exemple un Canteloup charentais avec un melon Galia). Vous conserverez ainsi les propri\u00e9t\u00e9s g\u00e9n\u00e9tiques propres \u00e0 cette vari\u00e9t\u00e9 et diminuerez les risques d\u2019avortement (<strong>les fleurs auront moins de chances de \u00ab couler \u00bb<\/strong>&nbsp;comme disent les sp\u00e9cialistes). Les fleurs femelles non f\u00e9cond\u00e9es, tomberont d\u2019elles-m\u00eames apr\u00e8s quelques jours.<\/p>\n\n\n<div class=\"gb-container gb-container-e640531e conclusion\"><div class=\"gb-inside-container\">\n\n<h3 class=\"gb-headline gb-headline-a8aa0e34 gb-headline-text\"><strong><strong><strong>Astuces pour le rendement<\/strong><\/strong><\/strong><\/h3>\n\n\n\n<p>Pour maximiser la r\u00e9colte sur un seul plant, il est conseill\u00e9 de ne pas polliniser la toute premi\u00e8re fleur femelle qui appara\u00eet, mais d&rsquo;attendre que <strong>quatre fleurs femelles soient ouvertes le m\u00eame jour<\/strong> sur le plant pour les polliniser simultan\u00e9ment. Cela permet d&rsquo;assurer que le plant d\u00e9veloppe quatre melons de taille \u00e9gale au lieu d&rsquo;un seul melon qui accaparerait toute l&rsquo;\u00e9nergie<\/p>\n\n<\/div><\/div>\n\n<div class=\"gb-container gb-container-f6276935\"><div class=\"gb-inside-container\">\n\n<figure class=\"wp-block-image size-full\"><img loading=\"lazy\" decoding=\"async\" width=\"700\" height=\"500\" src=\"https:\/\/www.france-serres.com\/blog\/wp-content\/uploads\/fecondation-fleur-melon.webp\" alt=\"f\u00e9condation d'une fleur de melon\" class=\"wp-image-1194\" srcset=\"https:\/\/www.france-serres.com\/blog\/wp-content\/uploads\/fecondation-fleur-melon.webp 700w, https:\/\/www.france-serres.com\/blog\/wp-content\/uploads\/fecondation-fleur-melon-300x214.webp 300w\" sizes=\"auto, (max-width: 420px) 300px, (min-width: 421px) 768px, (min-width: 725px) 1024px\" \/><figcaption class=\"wp-element-caption\">En absence de pollinisateurs, vous pourrez polliniser les fleurs manuellement<\/figcaption><\/figure>\n\n<\/div><\/div>\n\n\n<h2 class=\"gb-headline gb-headline-36c59465 gb-headline-text\" id=\"recolte\">R\u00e9colte des melons<\/h2>\n\n\n\n<p>La derni\u00e8re \u00e9tape avant la r\u00e9colte doit&nbsp;<strong>amener les melons \u00e0 parfaite maturation<\/strong>. Pour cela, un bon ensoleillement est indispensable. \u00c9liminez toutes les feuilles qui pourraient litt\u00e9ralement faire de l\u2019ombre aux melons et emp\u00eacher les fruits de se r\u00e9chauffer pour se gorger de sucre.<\/p>\n\n\n\n<p>Pour favoriser encore cet ensoleillement, n\u2019h\u00e9sitez pas \u00e0 glisser des&nbsp;<strong>tuiles ou des morceaux de planche sous les melons<\/strong>. Vous emp\u00eacherez aussi les fruits d\u2019\u00eatre en contact avec le sol.<\/p>\n\n\n\n<p>Un melon cueilli trop t\u00f4t m\u00fbrira mal une fois coup\u00e9.&nbsp;<strong>Son taux de sucre n\u2019augmentera plus<\/strong>. La r\u00e9colte doit donc \u00eatre effectu\u00e9e au bon moment, lorsque la maturation est arriv\u00e9e \u00e0 son terme.<\/p>\n\n\n\n<p>Pour reconna\u00eetre ce moment parfait, surveillez la couleur des fruits.&nbsp;<strong>Un melon changera l\u00e9g\u00e8rement de couleur lorsqu\u2019il sera m\u00fbr<\/strong>. Autre signe imparable&nbsp;:&nbsp;<strong>le p\u00e9doncule, point d\u2019attache du melon, commencera \u00e0 se cerner<\/strong>&nbsp;pour laisser appara\u00eetre un liser\u00e9 gris\u00e2tre.<\/p>\n\n\n\n<p>Veillez \u00e0 r\u00e9colter les fruits t\u00f4t le matin, lorsqu\u2019il fait encore frais, pour augmenter leur dur\u00e9e de conservation.<\/p>\n\n\n\n<p>Pour s\u00e9parer le melon de sa tige, il vous suffit de&nbsp;<strong>couper le p\u00e9doncule<\/strong>&nbsp;en laissant une queue d\u2019un ou deux centim\u00e8tres.<\/p>\n\n\n\n<h2 class=\"gb-headline gb-headline-087b94a4 gb-headline-text\" id=\"maladies\">Lutte contre les maladies et ravageurs du melon<\/h2>\n\n\n\n<p>La serre \u00e9tant un milieu ferm\u00e9,<strong>&nbsp;la culture du melon dans cet environnement clos est plus sensible aux maladies et ravageurs<\/strong>. D\u2019o\u00f9 l\u2019importance d\u2019espacer suffisamment les pieds les uns des autres lors de la plantation de vos melons.<\/p>\n\n\n\n<h3 class=\"gb-headline gb-headline-fe12e4ca gb-headline-text\">Stress thermique<\/h3>\n\n\n\n<p>Comme la plupart des cucurbitac\u00e9es, les melons sont plut\u00f4t sensibles \u00e0 la chaleur. Bien que vos fruits risquent moins le coup de soleil sous serre, les faces expos\u00e9es au soleil pourrait conduire \u00e0 un ph\u00e9nom\u00e8ne de d\u00e9coloration due \u00e0 une d\u00e9shydratation de surface. N\u2019h\u00e9sitez pas \u00e0 recouvrir votre serre d\u2019un&nbsp;<a href=\"https:\/\/www.france-serres.com\/accessoires-pieces-detachees-pour-serres-de-jardin\/294-kit-voile-d-ombrage-pour-serre-tunnel-demi-lune.html\">voile d\u2019ombrage<\/a>.<\/p>\n\n\n\n<h3 class=\"gb-headline gb-headline-c1cbc504 gb-headline-text\">Lutte contre les insectes<\/h3>\n\n\n\n<p>En plus d\u2019affaiblir vos plans de melons, les insectes leurs transmettront potentiellement divers virus.<\/p>\n\n\n\n<h3 class=\"gb-headline gb-headline-a87836ad gb-headline-text\">Pucerons<\/h3>\n\n\n\n<p><strong>Les<\/strong>&nbsp;<a href=\"https:\/\/www.france-serres.com\/blog\/astuces\/lutter-contre-les-pucerons-culture-sous-serre-et-ravageurs\">pucerons<\/a>, surtout l\u2019esp\u00e8ce Aphis gossypii mais aussi Myzus persicae, sont&nbsp;<strong>tr\u00e8s friands de la s\u00e8ve du melon<\/strong>&nbsp;comme de toutes les cucurbitac\u00e9es.<br>Vous reconnaitrez les cons\u00e9quences de leur pr\u00e9sence \u00e0 la&nbsp;<strong>d\u00e9formation et l\u2019enroulement des feuilles<\/strong>. Pour vous d\u00e9barrasser des pucerons, commencez par supprimer les feuilles touch\u00e9es puis pulv\u00e9risez une solution r\u00e9pulsive de purin d\u2019ortie ou de savon noir.<br>Pour les \u00e9liminer compl\u00e8tement, faites appel aux auxiliaires pr\u00e9dateurs des pucerons. Le plus connu de ces pr\u00e9dateurs restant&nbsp;<strong>la coccinelle, capable de d\u00e9vorer plusieurs dizaines de pucerons<\/strong>. Une larve de coccinelle est encore plus gourmande et pourra manger plus d\u2019une centaine de pucerons.<\/p>\n\n\n\n<h3 class=\"gb-headline gb-headline-ff9e4b73 gb-headline-text\">Lutte contre les acariens<\/h3>\n\n\n\n<p>L\u2019esp\u00e8ce d\u2019acariens la plus dommageable pour le melon est le&nbsp;<strong>t\u00e9tranyque tisserand<\/strong>, nomm\u00e9 ainsi pour les toiles qu\u2019il forme sur les feuilles. Long de moins d\u2019un millim\u00e8tre, il touche particuli\u00e8rement les cultures en atmosph\u00e8re chaude (plus de 27\u00b0C) comme c\u2019est le cas sous serre de jardin.<br>Sa pr\u00e9sence se r\u00e9v\u00e8le par de petites taches sur les feuilles. Ses attaques conduisent au jaunissement du feuillage et son dess\u00e8chement.<br>Pour pr\u00e9venir les attaques, l\u2019a\u00e9ration de votre serre et une aspersion de savon noir dilu\u00e9 peut se r\u00e9v\u00e9ler efficace, tout comme le traitement avec des huiles blanches (paraffine ou colza) dilu\u00e9es \u00e0 1%. Pour ce qui est de leur \u00e9limination, vous pourrez venir \u00e0 bout des t\u00e9tranyques en introduisant leurs pr\u00e9dateurs naturels&nbsp;: coccinelles ou encore certaines esp\u00e8ces d\u2019acariens pr\u00e9dateurs comme Amblyseius californicus, qui sont de bons&nbsp;<a href=\"https:\/\/www.france-serres.com\/blog\/culture\/les-auxiliaires-le-coup-de-pouce-bio-du-jardinier\">auxiliaires du jardin<\/a>&nbsp;et \u00e9vitent le recours \u00e0 des produits toxiques.<\/p>\n\n\n\n<h3 class=\"gb-headline gb-headline-cc36f430 gb-headline-text\">Lutte contre les maladies du melon<\/h3>\n\n\n\n<h4 class=\"gb-headline gb-headline-43287d24 gb-headline-text\">O\u00efdium<\/h4>\n\n\n\n<p><a href=\"https:\/\/www.france-serres.com\/blog\/culture\/lutter-contre-loidium-culture-sous-serre-et-maladie\">L\u2019o\u00efdium<\/a>&nbsp;est un&nbsp;<strong>champignon qui appara\u00eet lorsque les feuilles du melon sont mouill\u00e9es<\/strong>. L\u2019atmosph\u00e8re chaude d\u2019une serre est tr\u00e8s propice \u00e0 son d\u00e9veloppement, d\u2019o\u00f9 l\u2019importance de r\u00e9guli\u00e8rement a\u00e9rer celle-ci.<br>Les attaques d\u2019o\u00efdium se caract\u00e9risent par des t\u00e2ches blanch\u00e2tres et poudreuses.<br>D\u00e8s les premiers signes \u00e9liminez rapidement les feuilles touch\u00e9es, puis pulv\u00e9risez du&nbsp;<a href=\"https:\/\/www.france-serres.com\/blog\/culture\/tout-connaitre-sur-le-purin-dortie\">purin d\u2019ortie<\/a>&nbsp;ou du lait \u00e9cr\u00e9m\u00e9.<\/p>\n\n\n<div class=\"gb-container gb-container-71b0bcfd\"><div class=\"gb-inside-container\">\n\n<figure class=\"wp-block-image size-full\"><img loading=\"lazy\" decoding=\"async\" width=\"500\" height=\"400\" src=\"https:\/\/www.france-serres.com\/blog\/wp-content\/uploads\/oidium-melon.webp\" alt=\"melon malade de l'o\u00efdium\" class=\"wp-image-1195\" srcset=\"https:\/\/www.france-serres.com\/blog\/wp-content\/uploads\/oidium-melon.webp 500w, https:\/\/www.france-serres.com\/blog\/wp-content\/uploads\/oidium-melon-300x240.webp 300w\" sizes=\"auto, (max-width: 420px) 300px, (min-width: 421px) 768px, (min-width: 725px) 1024px\" \/><figcaption class=\"wp-element-caption\">Feuille de melon touch\u00e9e par l&rsquo;o\u00efdium<\/figcaption><\/figure>\n\n<\/div><\/div>\n\n\n<h2 class=\"gb-headline gb-headline-505a5bd4 gb-headline-text\">Mildiou<\/h2>\n\n\n\n<p>Comme l\u2019o\u00efdium,&nbsp;<strong>le&nbsp;<a href=\"https:\/\/www.france-serres.com\/blog\/culture\/lutter-contre-le-mildiou\">mildiou<\/a>&nbsp;est une maladie due \u00e0 un champignon<\/strong>. Il se rep\u00e8re aux taches jaunes ou de couleur rouille sur le feuillage. L\u00e0 encore bien souvent son apparition est le<strong>&nbsp;signe d\u2019un mauvais arrosage<\/strong>&nbsp;et d\u2019une trop grande humidit\u00e9 dans votre serre de jardin.<br>Difficile \u00e0 \u00e9radiquer, le mildiou doit surtout \u00eatre pr\u00e9venu en a\u00e9rant correctement et en laissant suffisamment d\u2019espace entre les plants de melon.<br>Le traitement le plus efficace consiste \u00e0 pulv\u00e9riser du bicarbonate de soude sur les feuilles touch\u00e9es. Pratiquez \u00e9galement la&nbsp;<a href=\"https:\/\/www.france-serres.com\/blog\/culture\/la-rotation-des-cultures\">rotation des cultures<\/a>&nbsp;pour \u00e9viter que le probl\u00e8me se r\u00e9p\u00e8te d\u2019une saison \u00e0 l\u2019autre.<\/p>\n\n\n<div class=\"gb-container gb-container-dc19c20f\"><div class=\"gb-inside-container\">\n\n<figure class=\"wp-block-image size-full\"><img loading=\"lazy\" decoding=\"async\" width=\"500\" height=\"400\" src=\"https:\/\/www.france-serres.com\/blog\/wp-content\/uploads\/mildiou-melon.webp\" alt=\"melon malade du mildiou\" class=\"wp-image-1196\" srcset=\"https:\/\/www.france-serres.com\/blog\/wp-content\/uploads\/mildiou-melon.webp 500w, https:\/\/www.france-serres.com\/blog\/wp-content\/uploads\/mildiou-melon-300x240.webp 300w\" sizes=\"auto, (max-width: 420px) 300px, (min-width: 421px) 768px, (min-width: 725px) 1024px\" \/><figcaption class=\"wp-element-caption\">Feuille de melon touch\u00e9e par le mildiou<\/figcaption><\/figure>\n\n<\/div><\/div>\n\n\n<h2 class=\"gb-headline gb-headline-a209aa8c gb-headline-text\">Et si jamais vous n&rsquo;arrivez pas \u00e0 obtenir de melons&#8230;<\/h2>\n\n\n\n<div class=\"wp-block-media-text alignwide has-media-on-the-right is-stacked-on-mobile is-image-fill-element has-background\" style=\"background-color:#f7f4cf\"><div class=\"wp-block-media-text__content\">\n<p class=\"has-contrast-color has-text-color\"><strong>Comment bien choisir un melon&nbsp;?<\/strong><\/p>\n\n\n\n<p style=\"font-size:16px\">Cette ann\u00e9e, la m\u00e9t\u00e9o ne sera peut-\u00eatre pas de votre c\u00f4t\u00e9 et malgr\u00e9 tout le soin apport\u00e9 \u00e0 vos melons, la r\u00e9ussite pas au rendez-vous. Pas de panique, cela arrive m\u00eame aux professionnels. Mais alors comment choisir un bon melon&nbsp;? Les principaux crit\u00e8res de choix d\u2019un melon sont les suivants&nbsp;:<\/p>\n\n\n\n<ol class=\"wp-block-list\">\n<li>Le p\u00e9doncule, c\u2019est-\u00e0-dire la queue du melon (aussi appel\u00e9e p\u00e9cou) doit \u00eatre craquel\u00e9e ou se d\u00e9coller l\u00e9g\u00e8rement. Attention, chez certaines vari\u00e9t\u00e9s vous n\u2019observerez jamais ce d\u00e9collement.<\/li>\n\n\n\n<li>Le melon doit \u00eatre lourd signe qu\u2019il est gorg\u00e9 de sucre. L\u00e0 encore, ce crit\u00e8re est tr\u00e8s subjectif, bien difficile d\u2019appr\u00e9cier le poids d\u2019un melon \u00e0 moins d\u2019appartenir \u00e0 une confr\u00e9rie du melon&#8230;<\/li>\n\n\n\n<li>Les melons Charentais sont m\u00fbrs lorsqu&rsquo;ils passent du gris-vert au blanc cr\u00e8me et que les feuilles les plus proches du fruit commencent \u00e0 p\u00e2lir.<\/li>\n\n\n\n<li>Meilleur signe de maturation&nbsp;: le melon m\u00fbr \u00e0 point doit sentir bon. C\u2019est particuli\u00e8rement vrai chez le cantaloup charentais, la vari\u00e9t\u00e9 qui repr\u00e9sente l\u2019essentiel des melons disponibles sur les march\u00e9s. Un melon trop m\u00fbr aura une odeur ferment\u00e9e voire carr\u00e9ment alcoolis\u00e9e sur les melons rest\u00e9s trop longtemps au soleil.<\/li>\n<\/ol>\n<\/div><figure class=\"wp-block-media-text__media\"><img loading=\"lazy\" decoding=\"async\" width=\"700\" height=\"500\" src=\"https:\/\/www.france-serres.com\/blog\/wp-content\/uploads\/choix-melon.webp\" alt=\"choisir un melon\" class=\"wp-image-1197 size-full\" style=\"object-position:50% 50%\" srcset=\"https:\/\/www.france-serres.com\/blog\/wp-content\/uploads\/choix-melon.webp 700w, https:\/\/www.france-serres.com\/blog\/wp-content\/uploads\/choix-melon-300x214.webp 300w\" sizes=\"auto, (max-width: 420px) 300px, (min-width: 421px) 768px, (min-width: 725px) 1024px\" \/><\/figure><\/div>\n\n\n<div class=\"gb-container gb-container-89ef913f warning\"><div class=\"gb-inside-container\">\n\n<h3 class=\"gb-headline gb-headline-dbb0fb91 gb-headline-text\">Lire aussi<\/h3>\n\n\n\n<div class=\"wp-block-query is-layout-flow wp-block-query-is-layout-flow\"><ul class=\"wp-block-post-template is-layout-flow wp-block-post-template-is-layout-flow\"><li class=\"wp-block-post post-2823 post type-post status-publish format-standard has-post-thumbnail hentry category-culture tag-113 generate-columns tablet-grid-50 mobile-grid-100 grid-parent grid-33 no-featured-image-padding\">\n<div class=\"gb-grid-wrapper gb-grid-wrapper-7854565e latest-posts-sidebar other_post_img\">\n<div class=\"gb-grid-column gb-grid-column-14088919\"><div class=\"gb-container gb-container-14088919 col01\"><div class=\"gb-inside-container\">\n<figure style=\"width:100px;height:100px;\" class=\"wp-block-post-featured-image\"><a href=\"https:\/\/www.france-serres.com\/blog\/culture\/culture-legumes\" target=\"_self\"  style=\"height:100px\"><img loading=\"lazy\" decoding=\"async\" width=\"150\" height=\"150\" src=\"https:\/\/www.france-serres.com\/blog\/wp-content\/uploads\/culture-legumes-serre-1-150x150.webp\" class=\"attachment-thumbnail size-thumbnail wp-post-image\" alt=\"Quels l\u00e9gumes cultiver sous serre&nbsp;?\" style=\"height:100px;object-fit:contain;\" \/><\/a><\/figure>\n<\/div><\/div><\/div>\n\n<div class=\"gb-grid-column gb-grid-column-5482ca3d\"><div class=\"gb-container gb-container-5482ca3d\"><div class=\"gb-inside-container\">\n<h6 style=\"font-size:17px;font-style:normal;font-weight:600;\" class=\"wp-block-post-title\"><a href=\"https:\/\/www.france-serres.com\/blog\/culture\/culture-legumes\" target=\"_self\" >Quels l\u00e9gumes cultiver sous serre&nbsp;?<\/a><\/h6>\n<\/div><\/div><\/div>\n<\/div>\n<\/li><\/ul><\/div>\n\n<\/div><\/div>","protected":false},"excerpt":{"rendered":"<p>Le melon est un fruit d\u00e9licat qui appr\u00e9cie les bonnes conditions de culture d&rsquo;une serre de jardin. Semis, plantation, taille, &#8230; <a title=\"Culture du melon sous serre de jardin\" class=\"read-more\" href=\"https:\/\/www.france-serres.com\/blog\/culture\/culture-du-melon\" aria-label=\"Read more about Culture du melon sous serre de jardin\">Lire plus<\/a><\/p>\n","protected":false},"author":3,"featured_media":1188,"comment_status":"open","ping_status":"open","sticky":false,"template":"","format":"standard","meta":{"_themeisle_gutenberg_block_has_review":false,"footnotes":""},"categories":[1],"tags":[77],"class_list":["post-1200","post","type-post","status-publish","format-standard","has-post-thumbnail","hentry","category-culture","tag-77","generate-columns","tablet-grid-50","mobile-grid-100","grid-parent","grid-33","no-featured-image-padding"],"yoast_head":"<!-- This site is optimized with the Yoast SEO plugin v26.8 - https:\/\/yoast.com\/product\/yoast-seo-wordpress\/ -->\n<title>Culture du melon sous serre de jardin [Guide complet] - France Serres<\/title>\n<meta name=\"description\" content=\"Le melon appr\u00e9cie les conditions de culture d&#039;une serre de jardin. Semis, plantation, taille, r\u00e9colte... tout savoir pour cultiver sous serre des melons sucr\u00e9s et riches en saveurs.\" \/>\n<meta name=\"robots\" content=\"index, follow, max-snippet:-1, max-image-preview:large, max-video-preview:-1\" \/>\n<link rel=\"canonical\" href=\"https:\/\/www.france-serres.com\/blog\/culture\/culture-du-melon\" \/>\n<meta property=\"og:locale\" content=\"fr_FR\" \/>\n<meta property=\"og:type\" content=\"article\" \/>\n<meta property=\"og:title\" content=\"Culture du melon sous serre de jardin [Guide complet] - France Serres\" \/>\n<meta property=\"og:description\" content=\"Le melon appr\u00e9cie les conditions de culture d&#039;une serre de jardin. Semis, plantation, taille, r\u00e9colte... tout savoir pour cultiver sous serre des melons sucr\u00e9s et riches en saveurs.\" \/>\n<meta property=\"og:url\" content=\"https:\/\/www.france-serres.com\/blog\/culture\/culture-du-melon\" \/>\n<meta property=\"og:site_name\" content=\"France Serres\" \/>\n<meta property=\"article:publisher\" content=\"https:\/\/www.facebook.com\/FrSerres\/\" \/>\n<meta property=\"article:published_time\" content=\"2022-05-04T15:01:00+00:00\" \/>\n<meta property=\"article:modified_time\" content=\"2026-02-17T15:48:19+00:00\" \/>\n<meta property=\"og:image\" content=\"https:\/\/www.france-serres.com\/blog\/wp-content\/uploads\/culture-melon-serre-de-jardin.webp\" \/>\n\t<meta property=\"og:image:width\" content=\"1200\" \/>\n\t<meta property=\"og:image:height\" content=\"800\" \/>\n\t<meta property=\"og:image:type\" content=\"image\/webp\" \/>\n<meta name=\"author\" content=\"Antoine de France Serres\" \/>\n<script type=\"application\/ld+json\" class=\"yoast-schema-graph\">{\"@context\":\"https:\/\/schema.org\",\"@graph\":[{\"@type\":\"Article\",\"@id\":\"https:\/\/www.france-serres.com\/blog\/culture\/culture-du-melon#article\",\"isPartOf\":{\"@id\":\"https:\/\/www.france-serres.com\/blog\/culture\/culture-du-melon\"},\"author\":{\"name\":\"Antoine de France Serres\",\"@id\":\"https:\/\/www.france-serres.com\/blog\/#\/schema\/person\/03c47c279180d6a32007c732b54fb4b1\"},\"headline\":\"Culture du melon sous serre de jardin\",\"datePublished\":\"2022-05-04T15:01:00+00:00\",\"dateModified\":\"2026-02-17T15:48:19+00:00\",\"mainEntityOfPage\":{\"@id\":\"https:\/\/www.france-serres.com\/blog\/culture\/culture-du-melon\"},\"wordCount\":4078,\"commentCount\":1,\"publisher\":{\"@id\":\"https:\/\/www.france-serres.com\/blog\/#organization\"},\"image\":{\"@id\":\"https:\/\/www.france-serres.com\/blog\/culture\/culture-du-melon#primaryimage\"},\"thumbnailUrl\":\"https:\/\/www.france-serres.com\/blog\/wp-content\/uploads\/culture-melon-serre-de-jardin.webp\",\"keywords\":[\"66\"],\"articleSection\":[\"Culture sous serre\"],\"inLanguage\":\"fr-FR\",\"potentialAction\":[{\"@type\":\"CommentAction\",\"name\":\"Comment\",\"target\":[\"https:\/\/www.france-serres.com\/blog\/culture\/culture-du-melon#respond\"]}]},{\"@type\":\"WebPage\",\"@id\":\"https:\/\/www.france-serres.com\/blog\/culture\/culture-du-melon\",\"url\":\"https:\/\/www.france-serres.com\/blog\/culture\/culture-du-melon\",\"name\":\"Culture du melon sous serre de jardin [Guide complet] - France Serres\",\"isPartOf\":{\"@id\":\"https:\/\/www.france-serres.com\/blog\/#website\"},\"primaryImageOfPage\":{\"@id\":\"https:\/\/www.france-serres.com\/blog\/culture\/culture-du-melon#primaryimage\"},\"image\":{\"@id\":\"https:\/\/www.france-serres.com\/blog\/culture\/culture-du-melon#primaryimage\"},\"thumbnailUrl\":\"https:\/\/www.france-serres.com\/blog\/wp-content\/uploads\/culture-melon-serre-de-jardin.webp\",\"datePublished\":\"2022-05-04T15:01:00+00:00\",\"dateModified\":\"2026-02-17T15:48:19+00:00\",\"description\":\"Le melon appr\u00e9cie les conditions de culture d'une serre de jardin. Semis, plantation, taille, r\u00e9colte... tout savoir pour cultiver sous serre des melons sucr\u00e9s et riches en saveurs.\",\"breadcrumb\":{\"@id\":\"https:\/\/www.france-serres.com\/blog\/culture\/culture-du-melon#breadcrumb\"},\"inLanguage\":\"fr-FR\",\"potentialAction\":[{\"@type\":\"ReadAction\",\"target\":[\"https:\/\/www.france-serres.com\/blog\/culture\/culture-du-melon\"]}]},{\"@type\":\"ImageObject\",\"inLanguage\":\"fr-FR\",\"@id\":\"https:\/\/www.france-serres.com\/blog\/culture\/culture-du-melon#primaryimage\",\"url\":\"https:\/\/www.france-serres.com\/blog\/wp-content\/uploads\/culture-melon-serre-de-jardin.webp\",\"contentUrl\":\"https:\/\/www.france-serres.com\/blog\/wp-content\/uploads\/culture-melon-serre-de-jardin.webp\",\"width\":1200,\"height\":800,\"caption\":\"culture du melon sous serre de jardin\"},{\"@type\":\"BreadcrumbList\",\"@id\":\"https:\/\/www.france-serres.com\/blog\/culture\/culture-du-melon#breadcrumb\",\"itemListElement\":[{\"@type\":\"ListItem\",\"position\":1,\"name\":\"Conseils\",\"item\":\"https:\/\/www.france-serres.com\/blog\"},{\"@type\":\"ListItem\",\"position\":2,\"name\":\"Culture sous serre\",\"item\":\"https:\/\/www.france-serres.com\/blog\/culture\"},{\"@type\":\"ListItem\",\"position\":3,\"name\":\"Culture du melon sous serre de jardin\"}]},{\"@type\":\"WebSite\",\"@id\":\"https:\/\/www.france-serres.com\/blog\/#website\",\"url\":\"https:\/\/www.france-serres.com\/blog\/\",\"name\":\"France Serres\",\"description\":\"\",\"publisher\":{\"@id\":\"https:\/\/www.france-serres.com\/blog\/#organization\"},\"potentialAction\":[{\"@type\":\"SearchAction\",\"target\":{\"@type\":\"EntryPoint\",\"urlTemplate\":\"https:\/\/www.france-serres.com\/blog\/?s={search_term_string}\"},\"query-input\":{\"@type\":\"PropertyValueSpecification\",\"valueRequired\":true,\"valueName\":\"search_term_string\"}}],\"inLanguage\":\"fr-FR\"},{\"@type\":\"Organization\",\"@id\":\"https:\/\/www.france-serres.com\/blog\/#organization\",\"name\":\"France Serres\",\"url\":\"https:\/\/www.france-serres.com\/blog\/\",\"logo\":{\"@type\":\"ImageObject\",\"inLanguage\":\"fr-FR\",\"@id\":\"https:\/\/www.france-serres.com\/blog\/#\/schema\/logo\/image\/\",\"url\":\"https:\/\/www.france-serres.com\/blog\/wp-content\/uploads\/logo-min.svg\",\"contentUrl\":\"https:\/\/www.france-serres.com\/blog\/wp-content\/uploads\/logo-min.svg\",\"width\":1887,\"height\":780,\"caption\":\"France Serres\"},\"image\":{\"@id\":\"https:\/\/www.france-serres.com\/blog\/#\/schema\/logo\/image\/\"},\"sameAs\":[\"https:\/\/www.facebook.com\/FrSerres\/\",\"https:\/\/www.instagram.com\/insta_france_serres\/\",\"https:\/\/www.pinterest.fr\/FranceSerres\/\",\"https:\/\/www.youtube.com\/@france-serres\",\"https:\/\/www.linkedin.com\/company\/france-serres-france-diffusion\"]},{\"@type\":\"Person\",\"@id\":\"https:\/\/www.france-serres.com\/blog\/#\/schema\/person\/03c47c279180d6a32007c732b54fb4b1\",\"name\":\"Antoine de France Serres\",\"image\":{\"@type\":\"ImageObject\",\"inLanguage\":\"fr-FR\",\"@id\":\"https:\/\/www.france-serres.com\/blog\/#\/schema\/person\/image\/\",\"url\":\"https:\/\/www.france-serres.com\/blog\/wp-content\/uploads\/auteur-antoine-96x96.webp\",\"contentUrl\":\"https:\/\/www.france-serres.com\/blog\/wp-content\/uploads\/auteur-antoine-96x96.webp\",\"caption\":\"Antoine de France Serres\"},\"description\":\"R\u00e9dacteur pour France Serres, je me passionne pour le jardinage et les sujets en lien avec l'\u00e9cologie et la culture raisonn\u00e9e.\"}]}<\/script>\n<!-- \/ Yoast SEO plugin. -->","yoast_head_json":{"title":"Culture du melon sous serre de jardin [Guide complet] - France Serres","description":"Le melon appr\u00e9cie les conditions de culture d'une serre de jardin. Semis, plantation, taille, r\u00e9colte... tout savoir pour cultiver sous serre des melons sucr\u00e9s et riches en saveurs.","robots":{"index":"index","follow":"follow","max-snippet":"max-snippet:-1","max-image-preview":"max-image-preview:large","max-video-preview":"max-video-preview:-1"},"canonical":"https:\/\/www.france-serres.com\/blog\/culture\/culture-du-melon","og_locale":"fr_FR","og_type":"article","og_title":"Culture du melon sous serre de jardin [Guide complet] - France Serres","og_description":"Le melon appr\u00e9cie les conditions de culture d'une serre de jardin. Semis, plantation, taille, r\u00e9colte... tout savoir pour cultiver sous serre des melons sucr\u00e9s et riches en saveurs.","og_url":"https:\/\/www.france-serres.com\/blog\/culture\/culture-du-melon","og_site_name":"France Serres","article_publisher":"https:\/\/www.facebook.com\/FrSerres\/","article_published_time":"2022-05-04T15:01:00+00:00","article_modified_time":"2026-02-17T15:48:19+00:00","og_image":[{"width":1200,"height":800,"url":"https:\/\/www.france-serres.com\/blog\/wp-content\/uploads\/culture-melon-serre-de-jardin.webp","type":"image\/webp"}],"author":"Antoine de France Serres","schema":{"@context":"https:\/\/schema.org","@graph":[{"@type":"Article","@id":"https:\/\/www.france-serres.com\/blog\/culture\/culture-du-melon#article","isPartOf":{"@id":"https:\/\/www.france-serres.com\/blog\/culture\/culture-du-melon"},"author":{"name":"Antoine de France Serres","@id":"https:\/\/www.france-serres.com\/blog\/#\/schema\/person\/03c47c279180d6a32007c732b54fb4b1"},"headline":"Culture du melon sous serre de jardin","datePublished":"2022-05-04T15:01:00+00:00","dateModified":"2026-02-17T15:48:19+00:00","mainEntityOfPage":{"@id":"https:\/\/www.france-serres.com\/blog\/culture\/culture-du-melon"},"wordCount":4078,"commentCount":1,"publisher":{"@id":"https:\/\/www.france-serres.com\/blog\/#organization"},"image":{"@id":"https:\/\/www.france-serres.com\/blog\/culture\/culture-du-melon#primaryimage"},"thumbnailUrl":"https:\/\/www.france-serres.com\/blog\/wp-content\/uploads\/culture-melon-serre-de-jardin.webp","keywords":["66"],"articleSection":["Culture sous serre"],"inLanguage":"fr-FR","potentialAction":[{"@type":"CommentAction","name":"Comment","target":["https:\/\/www.france-serres.com\/blog\/culture\/culture-du-melon#respond"]}]},{"@type":"WebPage","@id":"https:\/\/www.france-serres.com\/blog\/culture\/culture-du-melon","url":"https:\/\/www.france-serres.com\/blog\/culture\/culture-du-melon","name":"Culture du melon sous serre de jardin [Guide complet] - France Serres","isPartOf":{"@id":"https:\/\/www.france-serres.com\/blog\/#website"},"primaryImageOfPage":{"@id":"https:\/\/www.france-serres.com\/blog\/culture\/culture-du-melon#primaryimage"},"image":{"@id":"https:\/\/www.france-serres.com\/blog\/culture\/culture-du-melon#primaryimage"},"thumbnailUrl":"https:\/\/www.france-serres.com\/blog\/wp-content\/uploads\/culture-melon-serre-de-jardin.webp","datePublished":"2022-05-04T15:01:00+00:00","dateModified":"2026-02-17T15:48:19+00:00","description":"Le melon appr\u00e9cie les conditions de culture d'une serre de jardin. Semis, plantation, taille, r\u00e9colte... tout savoir pour cultiver sous serre des melons sucr\u00e9s et riches en saveurs.","breadcrumb":{"@id":"https:\/\/www.france-serres.com\/blog\/culture\/culture-du-melon#breadcrumb"},"inLanguage":"fr-FR","potentialAction":[{"@type":"ReadAction","target":["https:\/\/www.france-serres.com\/blog\/culture\/culture-du-melon"]}]},{"@type":"ImageObject","inLanguage":"fr-FR","@id":"https:\/\/www.france-serres.com\/blog\/culture\/culture-du-melon#primaryimage","url":"https:\/\/www.france-serres.com\/blog\/wp-content\/uploads\/culture-melon-serre-de-jardin.webp","contentUrl":"https:\/\/www.france-serres.com\/blog\/wp-content\/uploads\/culture-melon-serre-de-jardin.webp","width":1200,"height":800,"caption":"culture du melon sous serre de jardin"},{"@type":"BreadcrumbList","@id":"https:\/\/www.france-serres.com\/blog\/culture\/culture-du-melon#breadcrumb","itemListElement":[{"@type":"ListItem","position":1,"name":"Conseils","item":"https:\/\/www.france-serres.com\/blog"},{"@type":"ListItem","position":2,"name":"Culture sous serre","item":"https:\/\/www.france-serres.com\/blog\/culture"},{"@type":"ListItem","position":3,"name":"Culture du melon sous serre de jardin"}]},{"@type":"WebSite","@id":"https:\/\/www.france-serres.com\/blog\/#website","url":"https:\/\/www.france-serres.com\/blog\/","name":"France Serres","description":"","publisher":{"@id":"https:\/\/www.france-serres.com\/blog\/#organization"},"potentialAction":[{"@type":"SearchAction","target":{"@type":"EntryPoint","urlTemplate":"https:\/\/www.france-serres.com\/blog\/?s={search_term_string}"},"query-input":{"@type":"PropertyValueSpecification","valueRequired":true,"valueName":"search_term_string"}}],"inLanguage":"fr-FR"},{"@type":"Organization","@id":"https:\/\/www.france-serres.com\/blog\/#organization","name":"France Serres","url":"https:\/\/www.france-serres.com\/blog\/","logo":{"@type":"ImageObject","inLanguage":"fr-FR","@id":"https:\/\/www.france-serres.com\/blog\/#\/schema\/logo\/image\/","url":"https:\/\/www.france-serres.com\/blog\/wp-content\/uploads\/logo-min.svg","contentUrl":"https:\/\/www.france-serres.com\/blog\/wp-content\/uploads\/logo-min.svg","width":1887,"height":780,"caption":"France Serres"},"image":{"@id":"https:\/\/www.france-serres.com\/blog\/#\/schema\/logo\/image\/"},"sameAs":["https:\/\/www.facebook.com\/FrSerres\/","https:\/\/www.instagram.com\/insta_france_serres\/","https:\/\/www.pinterest.fr\/FranceSerres\/","https:\/\/www.youtube.com\/@france-serres","https:\/\/www.linkedin.com\/company\/france-serres-france-diffusion"]},{"@type":"Person","@id":"https:\/\/www.france-serres.com\/blog\/#\/schema\/person\/03c47c279180d6a32007c732b54fb4b1","name":"Antoine de France Serres","image":{"@type":"ImageObject","inLanguage":"fr-FR","@id":"https:\/\/www.france-serres.com\/blog\/#\/schema\/person\/image\/","url":"https:\/\/www.france-serres.com\/blog\/wp-content\/uploads\/auteur-antoine-96x96.webp","contentUrl":"https:\/\/www.france-serres.com\/blog\/wp-content\/uploads\/auteur-antoine-96x96.webp","caption":"Antoine de France Serres"},"description":"R\u00e9dacteur pour France Serres, je me passionne pour le jardinage et les sujets en lien avec l'\u00e9cologie et la culture raisonn\u00e9e."}]}},"_links":{"self":[{"href":"https:\/\/www.france-serres.com\/blog\/wp-json\/wp\/v2\/posts\/1200","targetHints":{"allow":["GET"]}}],"collection":[{"href":"https:\/\/www.france-serres.com\/blog\/wp-json\/wp\/v2\/posts"}],"about":[{"href":"https:\/\/www.france-serres.com\/blog\/wp-json\/wp\/v2\/types\/post"}],"author":[{"embeddable":true,"href":"https:\/\/www.france-serres.com\/blog\/wp-json\/wp\/v2\/users\/3"}],"replies":[{"embeddable":true,"href":"https:\/\/www.france-serres.com\/blog\/wp-json\/wp\/v2\/comments?post=1200"}],"version-history":[{"count":0,"href":"https:\/\/www.france-serres.com\/blog\/wp-json\/wp\/v2\/posts\/1200\/revisions"}],"wp:featuredmedia":[{"embeddable":true,"href":"https:\/\/www.france-serres.com\/blog\/wp-json\/wp\/v2\/media\/1188"}],"wp:attachment":[{"href":"https:\/\/www.france-serres.com\/blog\/wp-json\/wp\/v2\/media?parent=1200"}],"wp:term":[{"taxonomy":"category","embeddable":true,"href":"https:\/\/www.france-serres.com\/blog\/wp-json\/wp\/v2\/categories?post=1200"},{"taxonomy":"post_tag","embeddable":true,"href":"https:\/\/www.france-serres.com\/blog\/wp-json\/wp\/v2\/tags?post=1200"}],"curies":[{"name":"wp","href":"https:\/\/api.w.org\/{rel}","templated":true}]}}